{"id":993,"date":"2025-03-10T11:03:17","date_gmt":"2025-03-10T14:03:17","guid":{"rendered":"https:\/\/tvsulcatarinense.com.br\/?p=993"},"modified":"2025-03-10T11:03:17","modified_gmt":"2025-03-10T14:03:17","slug":"hospital-dom-joaquim-imas-realiza-cirurgia-inedita-de-extrofia-da-bexiga-em-bebes","status":"publish","type":"post","link":"https:\/\/tvsulcatarinense.com.br\/?p=993","title":{"rendered":"Hospital Dom Joaquim\/IMAS realiza cirurgia in\u00e9dita de extrofia da bexiga em beb\u00eas"},"content":{"rendered":"\n<p><em>Procedimentos foram realizados pelo SUS em pacientes de 5 meses e de 1 ano de vida<\/em><\/p>\n\n\n\n<p>Avan\u00e7ar em prol da sa\u00fade p\u00fablica, oferecendo inova\u00e7\u00e3o, equipamentos de ponta e uma equipe altamente qualificada \u00e9 o trabalho incans\u00e1vel que o Hospital Dom Joaquim, administrado pelo Instituto Maria Schmitt-IMAS, tem feito pela popula\u00e7\u00e3o da macrorregi\u00e3o Sul de Santa Catarina.<\/p>\n\n\n\n<p>Desta vez, a unidade emplacou mais um procedimento in\u00e9dito: as cirurgias de extrofia de bexiga (quando o \u00f3rg\u00e3o se desenvolve fora da barriga) feitas em beb\u00eas de 5 meses e 1 ano de vida.<\/p>\n\n\n\n<p>Segundo o m\u00e9dico Dr. Rafael Deyl, cirurgi\u00e3o pedi\u00e1trico e cirurgi\u00e3o rob\u00f3tico certificado, que comandou os procedimentos juntamente com sua equipe de especialistas, atualmente a incid\u00eancia de extrofia de bexiga \u00e9 de 1 a cada 30 mil nascidos vivos.<\/p>\n\n\n\n<p>\u201c\u00c9 uma m\u00e1-forma\u00e7\u00e3o que acontece no per\u00edodo inicial fetal, quando em algum momento do desenvolvimento do embri\u00e3o acontece algum problema e os beb\u00eas nascem com a exposi\u00e7\u00e3o da bexiga\u201d, explanou.<\/p>\n\n\n\n<p>Foi o caso do beb\u00ea Gabriel dos Anjos do Nascimento, de 5 meses. Sua m\u00e3e Eliz\u00e2ngela dos Anjos do Nascimento conta que descobriu o problema aos 8 meses de gesta\u00e7\u00e3o. Moradora de Ararangu\u00e1\/SC, foi encaminhada para Florian\u00f3polis, pois sua gravidez era de risco.<\/p>\n\n\n\n<p>\u201cQuando ele nasceu, fiquei apavorada, cheia de d\u00favidas e angustiada, pois tivemos que esperar na fila do SUS porque n\u00e3o tinha profissionais para esse tipo de cirurgias\u201d, revelou.<\/p>\n\n\n\n<p>Com a fam\u00edlia da pequena Valentina Bueno da Rosa, de 1 ano, a ang\u00fastia foi ainda pior.<\/p>\n\n\n\n<p>\u201cDescobrimos na hora do parto a m\u00e1-forma\u00e7\u00e3o da minha filha. Ficamos aflitos e sempre na expectativa de tamb\u00e9m ter profissionais para essa corre\u00e7\u00e3o\u201d, conta a m\u00e3e da menina Alessandra Bueno Guimar\u00e3es, moradora do Morro da Fuma\u00e7a\/SC.<\/p>\n\n\n\n<p>Conforme o Dr. Rafael, o ideal \u00e9 que se opere nas primeiras horas de vida com alguns detalhes t\u00e9cnicos.<\/p>\n\n\n\n<p>\u201cO problema \u00e9 que quanto mais velha for a crian\u00e7a, mais dif\u00edcil \u00e9 a cirurgia, pois as estruturas \u00f3sseas ficam mais endurecidas, a musculatura fica mais afastada, tem que fazer uma pl\u00e1stica do abd\u00f4men para que consiga fechar esse defeito da parede.<\/p>\n\n\n\n<p>No primeiro est\u00e1gio da cirurgia, temos que fazer o fechamento da bexiga, fechar parcialmente a uretra e, no segundo momento, quando a crian\u00e7a for um pouco mais velha, faz a corre\u00e7\u00e3o da incontin\u00eancia urin\u00e1ria\u201d, enfatiza o m\u00e9dico.<\/p>\n\n\n\n<p>Dr. Rafael explica que por ser uma m\u00e1-forma\u00e7\u00e3o complexa, muitas vezes, a maior dificuldade \u00e9 encontrar uma equipe cir\u00fargica treinada para realizar o procedimento, al\u00e9m da necessidade de uma sala cir\u00fargica livre de l\u00e1tex, pois esses pacientes ao longo da vida ir\u00e3o fazer in\u00fameras cirurgias e podem desenvolver uma alergia a esse material.<\/p>\n\n\n\n<p>\u201cA fila que a gente tem dessa m\u00e1-forma\u00e7\u00e3o muito complexa e rara, n\u00e3o \u00e9 uma fila grande, mas \u00e9 a dificuldade de encontrar essas condi\u00e7\u00f5es ideias.<\/p>\n\n\n\n<p>Tem que ter um local compat\u00edvel que a gente consiga ter o distanciamento do l\u00e1tex, e, principalmente, uma equipe que esteja altamente treinada para fazer esse tipo de procedimento\u201d, revela.<\/p>\n\n\n\n<p>Gra\u00e7as a expertise da equipe de cirurgias pedi\u00e1tricas do Dom Joaquim as fam\u00edlias do Gabriel e da Valentina n\u00e3o esperaram mais.<\/p>\n\n\n\n<p>\u201cQuando eu recebi a liga\u00e7\u00e3o para a consulta e, posteriormente, a marca\u00e7\u00e3o da cirurgia com o Dr. Rafael e eu fiquei muito feliz. Em menos de 15 dias ele fez o procedimento que foi um sucesso.<\/p>\n\n\n\n<p>Agora vai ser mais f\u00e1cil os cuidados com ele. Acabou aquelas dificuldades que eu tinha na quest\u00e3o da higiene especialmente. \u00c9 um al\u00edvio.<\/p>\n\n\n\n<p>Aqui o atendimento \u00e9 muito bom. Foi tudo muito r\u00e1pido. As gurias da UTI s\u00e3o muito maravilhosas\u201d, disse Eliz\u00e2ngela m\u00e3e do Gabriel. \u201cTamb\u00e9m estou muito feliz.<\/p>\n\n\n\n<p>Um ano esperando por esse momento. O m\u00e9dico \u00e9 maravilhoso, nos passou muita tranquilidade para a cirurgia. A estrutura do hospital \u00e9 \u00f3tima. Vida nova agora\u201d, garantiu Alessandra, m\u00e3e da Valentina.<\/p>\n\n\n\n<p>Para o cirurgi\u00e3o, o Dom Joaquim tem avan\u00e7ado em infraestrutura, o que \u00e9 primordial para procedimentos complexos como estes. \u201cH\u00e1 um incentivo muito grande por parte do IMAS para os avan\u00e7os no hospital.<\/p>\n\n\n\n<p>O Dom Joaquim tem um potencial enorme com equipamentos e materiais de cirurgia de \u00faltima gera\u00e7\u00e3o.<\/p>\n\n\n\n<p>E isso \u00e9 s\u00f3 o come\u00e7o. Nestes tr\u00eas meses com a nossa equipe de especialistas aqui, atendemos a demanda reprimida do SUS e agora estamos realizando cirurgias mais complexas, com o objetivo de prestar o melhor servi\u00e7o para o tratamento das crian\u00e7as, refor\u00e7ou Dr. Rafael.<\/p>\n\n\n\n<p>De acordo o m\u00e9dico, a equipe nesta \u00e1rea do Dom Joaquim \u00e9 completa e totalmente estruturada, apta em todas as subespecialidades da cirurgia pedi\u00e1trica como tor\u00e1cicas, proctologia e urologia, cirurgia de tumores, cirurgias complexas, fetal, dentre outras.<\/p>\n\n\n\n<p>De acordo com a diretora do Hospital Dom Joaquim, Mariele Dassoler, a amplia\u00e7\u00e3o e a inova\u00e7\u00e3o dos servi\u00e7os de cirurgias pedi\u00e1tricas era algo muito almejado pelas fam\u00edlias aqui na regi\u00e3o e o IMAS n\u00e3o mediu esfor\u00e7os para oferecer uma equipe de profissionais altamente qualificados, com uma vasta experi\u00eancias em cirurgias complexas, como a extrofia de bexiga.<\/p>\n\n\n\n<p>\u201cO Dom Joaquim hoje tem uma excelente estrutura para um atendimento resolutivo e humanizado, em que possamos garantir que essas crian\u00e7as n\u00e3o esperem mais tanto tempo por um procedimento e possam ter mais sa\u00fade e qualidade de vida\u201d, concluiu a diretora.<\/p>\n\n\n\n<figure class=\"wp-block-image\"><img decoding=\"async\" src=\"https:\/\/uaaau.com.br\/uploads\/blog_25558\/1741615062_2.jpg\" alt=\"\"\/><\/figure>\n\n\n\n<figure class=\"wp-block-image size-large\"><img fetchpriority=\"high\" decoding=\"async\" width=\"1024\" height=\"576\" src=\"https:\/\/tvsulcatarinense.com.br\/wp-content\/uploads\/2025\/03\/1-13-1024x576.jpg\" alt=\"\" class=\"wp-image-995\" srcset=\"https:\/\/tvsulcatarinense.com.br\/wp-content\/uploads\/2025\/03\/1-13-1024x576.jpg 1024w, https:\/\/tvsulcatarinense.com.br\/wp-content\/uploads\/2025\/03\/1-13-300x169.jpg 300w, https:\/\/tvsulcatarinense.com.br\/wp-content\/uploads\/2025\/03\/1-13-768x432.jpg 768w, https:\/\/tvsulcatarinense.com.br\/wp-content\/uploads\/2025\/03\/1-13.jpg 1280w\" sizes=\"(max-width: 1024px) 100vw, 1024px\" \/><\/figure>\n","protected":false},"excerpt":{"rendered":"<p>Procedimentos foram realizados pelo SUS em pacientes de 5 meses e de 1 ano de vida Avan\u00e7ar em prol da sa\u00fade p\u00fablica, oferecendo inova\u00e7\u00e3o, equipamentos de ponta e uma equipe altamente qualificada \u00e9 o trabalho incans\u00e1vel que o Hospital Dom Joaquim, administrado pelo Instituto Maria Schmitt-IMAS, tem feito pela popula\u00e7\u00e3o da macrorregi\u00e3o Sul de Santa [&hellip;]<\/p>\n","protected":false},"author":1,"featured_media":994,"comment_status":"open","ping_status":"open","sticky":false,"template":"","format":"standard","meta":{"footnotes":""},"categories":[7],"tags":[22,23,24],"class_list":["post-993","post","type-post","status-publish","format-standard","has-post-thumbnail","hentry","category-saude","tag-22","tag-ararangua","tag-santa-catarina"],"_links":{"self":[{"href":"https:\/\/tvsulcatarinense.com.br\/index.php?rest_route=\/wp\/v2\/posts\/993","targetHints":{"allow":["GET"]}}],"collection":[{"href":"https:\/\/tvsulcatarinense.com.br\/index.php?rest_route=\/wp\/v2\/posts"}],"about":[{"href":"https:\/\/tvsulcatarinense.com.br\/index.php?rest_route=\/wp\/v2\/types\/post"}],"author":[{"embeddable":true,"href":"https:\/\/tvsulcatarinense.com.br\/index.php?rest_route=\/wp\/v2\/users\/1"}],"replies":[{"embeddable":true,"href":"https:\/\/tvsulcatarinense.com.br\/index.php?rest_route=%2Fwp%2Fv2%2Fcomments&post=993"}],"version-history":[{"count":1,"href":"https:\/\/tvsulcatarinense.com.br\/index.php?rest_route=\/wp\/v2\/posts\/993\/revisions"}],"predecessor-version":[{"id":996,"href":"https:\/\/tvsulcatarinense.com.br\/index.php?rest_route=\/wp\/v2\/posts\/993\/revisions\/996"}],"wp:featuredmedia":[{"embeddable":true,"href":"https:\/\/tvsulcatarinense.com.br\/index.php?rest_route=\/wp\/v2\/media\/994"}],"wp:attachment":[{"href":"https:\/\/tvsulcatarinense.com.br\/index.php?rest_route=%2Fwp%2Fv2%2Fmedia&parent=993"}],"wp:term":[{"taxonomy":"category","embeddable":true,"href":"https:\/\/tvsulcatarinense.com.br\/index.php?rest_route=%2Fwp%2Fv2%2Fcategories&post=993"},{"taxonomy":"post_tag","embeddable":true,"href":"https:\/\/tvsulcatarinense.com.br\/index.php?rest_route=%2Fwp%2Fv2%2Ftags&post=993"}],"curies":[{"name":"wp","href":"https:\/\/api.w.org\/{rel}","templated":true}]}}