{"id":946,"date":"2025-03-06T11:34:10","date_gmt":"2025-03-06T14:34:10","guid":{"rendered":"https:\/\/tvsulcatarinense.com.br\/?p=946"},"modified":"2025-03-06T11:34:10","modified_gmt":"2025-03-06T14:34:10","slug":"cdl-de-ararangua-homenageia-mulheres-neste-sabado-mais-mulher","status":"publish","type":"post","link":"https:\/\/tvsulcatarinense.com.br\/?p=946","title":{"rendered":"CDL de Ararangu\u00e1 homenageia mulheres neste &#8220;S\u00e1bado Mais Mulher&#8221;"},"content":{"rendered":"\n<p>O primeiro &#8220;S\u00e1bado Mais&#8221; da CDL de Ararangu\u00e1 em 2025 ser\u00e1 no dia 8 de mar\u00e7o, e trar\u00e1 uma edi\u00e7\u00e3o especial em celebra\u00e7\u00e3o ao Dia Internacional da Mulher.<\/p>\n\n\n\n<p>O com\u00e9rcio da cidade estar\u00e1 aberto at\u00e9 \u00e0s 17 horas, oferecendo aos consumidores mais tempo para fazer suas compras e aproveitar as oportunidades que o com\u00e9rcio local tem a oferecer.<\/p>\n\n\n\n<p>O tema deste s\u00e1bado ser\u00e1 &#8220;S\u00e1bado Mais Mulher&#8221;, com o objetivo de destacar o protagonismo feminino, especialmente no empreendedorismo. Durante o evento, diversas institui\u00e7\u00f5es estar\u00e3o expondo seus trabalhos no Cal\u00e7ad\u00e3o de Ararangu\u00e1, e integrantes da CDL Mulher ter\u00e3o um espa\u00e7o para divulgar a C\u00e2mara da Mulher Empres\u00e1ria, ressaltando a import\u00e2ncia da representatividade feminina em todos os segmentos.<\/p>\n\n\n\n<p>A presidente da CDL, Dalva Leme, fala sobre a import\u00e2ncia deste evento: &#8220;O S\u00e1bado Mais Mulher \u00e9 uma grande oportunidade para os consumidores aproveitarem para fazer suas compras com mais tranquilidade, al\u00e9m de prestigiar nosso comercio.<\/p>\n\n\n\n<p>\u00c9 tamb\u00e9m uma chance de conhecer e apoiar as mulheres da CDL Mulher, que est\u00e3o sempre empenhadas em promover o empreendedorismo feminino.<\/p>\n\n\n\n<p>Convido todos a participarem e aproveitar essa data especial para destacar as conquistas alcan\u00e7adas pelas mulheres\u201d, destaca.<\/p>\n\n\n\n<p>Seja um associado \u00e0 CDL, conhe\u00e7a os benef\u00edcios e vantagens acessando no site cdlararangua.com.br nos siga no Insta @cdlararangua<\/p>\n\n\n\n<figure class=\"wp-block-image\"><img decoding=\"async\" src=\"https:\/\/uaaau.com.br\/uploads\/blog_25536\/1741270926_2.jpg\" alt=\"\"\/><\/figure>\n\n\n\n<figure class=\"wp-block-image\"><img decoding=\"async\" src=\"https:\/\/uaaau.com.br\/uploads\/blog_25536\/1741270926_3.jpg\" alt=\"\"\/><\/figure>\n","protected":false},"excerpt":{"rendered":"<p>O primeiro &#8220;S\u00e1bado Mais&#8221; da CDL de Ararangu\u00e1 em 2025 ser\u00e1 no dia 8 de mar\u00e7o, e trar\u00e1 uma edi\u00e7\u00e3o especial em celebra\u00e7\u00e3o ao Dia Internacional da Mulher. O com\u00e9rcio da cidade estar\u00e1 aberto at\u00e9 \u00e0s 17 horas, oferecendo aos consumidores mais tempo para fazer suas compras e aproveitar as oportunidades que o com\u00e9rcio local [&hellip;]<\/p>\n","protected":false},"author":1,"featured_media":947,"comment_status":"open","ping_status":"open","sticky":false,"template":"","format":"standard","meta":{"footnotes":""},"categories":[11],"tags":[22,23,24],"class_list":["post-946","post","type-post","status-publish","format-standard","has-post-thumbnail","hentry","category-negocios-e-empreendedorismo","tag-22","tag-ararangua","tag-santa-catarina"],"_links":{"self":[{"href":"https:\/\/tvsulcatarinense.com.br\/index.php?rest_route=\/wp\/v2\/posts\/946","targetHints":{"allow":["GET"]}}],"collection":[{"href":"https:\/\/tvsulcatarinense.com.br\/index.php?rest_route=\/wp\/v2\/posts"}],"about":[{"href":"https:\/\/tvsulcatarinense.com.br\/index.php?rest_route=\/wp\/v2\/types\/post"}],"author":[{"embeddable":true,"href":"https:\/\/tvsulcatarinense.com.br\/index.php?rest_route=\/wp\/v2\/users\/1"}],"replies":[{"embeddable":true,"href":"https:\/\/tvsulcatarinense.com.br\/index.php?rest_route=%2Fwp%2Fv2%2Fcomments&post=946"}],"version-history":[{"count":1,"href":"https:\/\/tvsulcatarinense.com.br\/index.php?rest_route=\/wp\/v2\/posts\/946\/revisions"}],"predecessor-version":[{"id":948,"href":"https:\/\/tvsulcatarinense.com.br\/index.php?rest_route=\/wp\/v2\/posts\/946\/revisions\/948"}],"wp:featuredmedia":[{"embeddable":true,"href":"https:\/\/tvsulcatarinense.com.br\/index.php?rest_route=\/wp\/v2\/media\/947"}],"wp:attachment":[{"href":"https:\/\/tvsulcatarinense.com.br\/index.php?rest_route=%2Fwp%2Fv2%2Fmedia&parent=946"}],"wp:term":[{"taxonomy":"category","embeddable":true,"href":"https:\/\/tvsulcatarinense.com.br\/index.php?rest_route=%2Fwp%2Fv2%2Fcategories&post=946"},{"taxonomy":"post_tag","embeddable":true,"href":"https:\/\/tvsulcatarinense.com.br\/index.php?rest_route=%2Fwp%2Fv2%2Ftags&post=946"}],"curies":[{"name":"wp","href":"https:\/\/api.w.org\/{rel}","templated":true}]}}