{"id":737,"date":"2025-02-17T11:04:16","date_gmt":"2025-02-17T14:04:16","guid":{"rendered":"https:\/\/tvsulcatarinense.com.br\/?p=737"},"modified":"2025-02-17T11:04:16","modified_gmt":"2025-02-17T14:04:16","slug":"5-luau-morro-dos-conventos-uma-noite-inesquecivel","status":"publish","type":"post","link":"https:\/\/tvsulcatarinense.com.br\/?p=737","title":{"rendered":"5\u00b0 Luau Morro dos Conventos: uma noite inesquec\u00edvel"},"content":{"rendered":"\n<p>A quinta edi\u00e7\u00e3o do Luau Morro dos Conventos aconteceu na \u00faltima sexta-feira, dia 14, em frente ao deck beira-mar de Ararangu\u00e1, e foi um grande sucesso de p\u00fablico.<\/p>\n\n\n\n<p>Com um fim de tarde agrad\u00e1vel, brisa refrescante e o espet\u00e1culo de uma lua cheia deslumbrante, o evento proporcionou um verdadeiro cen\u00e1rio de cart\u00e3o-postal.<\/p>\n\n\n\n<p>O alto astral tomou conta do p\u00fablico, que aproveitou os shows do DJ Belada e da banda Jorge Fidelis (especial rock ga\u00facho).<\/p>\n\n\n\n<p>Al\u00e9m da m\u00fasica envolvente, a programa\u00e7\u00e3o contou com a exibi\u00e7\u00e3o de curtas-metragens dos projetos Artesanando e Mem\u00f3rias do Esporte.<\/p>\n\n\n\n<p>O Projeto Mem\u00f3rias do Esporte se destacou ao refor\u00e7ar seu compromisso de preservar e valorizar a hist\u00f3ria esportiva de Ararangu\u00e1.<\/p>\n\n\n\n<p>Por meio da cria\u00e7\u00e3o de um acervo composto por documentos, objetos, imagens e entrevistas, a iniciativa busca eternizar as mem\u00f3rias do esporte local.<\/p>\n\n\n\n<p>J\u00e1 o Projeto Artesanando celebrou a rica tradi\u00e7\u00e3o do artesanato em palha das irm\u00e3s Souza, do distrito de Herc\u00edlio Luz.<\/p>\n\n\n\n<p>A exibi\u00e7\u00e3o ressaltou a import\u00e2ncia da valoriza\u00e7\u00e3o e preserva\u00e7\u00e3o dessa arte, promovendo a cultura local e reconhecendo o trabalho das artes\u00e3s como parte essencial do patrim\u00f4nio imaterial de Ararangu\u00e1.<\/p>\n\n\n\n<p>Realizado pela Administra\u00e7\u00e3o Municipal de Ararangu\u00e1 e organizado pela Secretaria de Turismo, o luau proporcionou um fim de semana diferenciado.<\/p>\n\n\n\n<p>O p\u00fablico presente desfrutou de uma atmosfera acolhedora, com uma grande fogueira \u00e0 beira-mar, luzes encantadoras, frutas e muita m\u00fasica de qualidade.<\/p>\n\n\n\n<p>Foi um cl\u00e1ssico luau, onde araranguaenses e turistas puderam levar suas cadeiras de praia e coolers para curtir a noite ao m\u00e1ximo.<\/p>\n\n\n\n<p>A edi\u00e7\u00e3o deste ano superou todas as expectativas, reunindo crian\u00e7as, jovens e adultos para uma experi\u00eancia memor\u00e1vel.<\/p>\n\n\n\n<p>Nas redes sociais, o evento foi amplamente elogiado, com diversos registros compartilhados pelo p\u00fablico.<\/p>\n\n\n\n<p>O 5\u00ba Luau Morro dos Conventos entrou para a hist\u00f3ria como uma noite inesquec\u00edvel, refor\u00e7ando a import\u00e2ncia da cultura, do entretenimento e da valoriza\u00e7\u00e3o das tradi\u00e7\u00f5es locais.<\/p>\n\n\n\n<p><em>Fonte: Assessoria de Comunica\u00e7\u00e3o<\/em><\/p>\n\n\n\n<figure class=\"wp-block-image\"><img decoding=\"async\" src=\"https:\/\/uaaau.com.br\/uploads\/blog_25376\/1739800800_2.jpg\" alt=\"\"\/><\/figure>\n","protected":false},"excerpt":{"rendered":"<p>A quinta edi\u00e7\u00e3o do Luau Morro dos Conventos aconteceu na \u00faltima sexta-feira, dia 14, em frente ao deck beira-mar de Ararangu\u00e1, e foi um grande sucesso de p\u00fablico. Com um fim de tarde agrad\u00e1vel, brisa refrescante e o espet\u00e1culo de uma lua cheia deslumbrante, o evento proporcionou um verdadeiro cen\u00e1rio de cart\u00e3o-postal. O alto astral [&hellip;]<\/p>\n","protected":false},"author":1,"featured_media":738,"comment_status":"open","ping_status":"open","sticky":false,"template":"","format":"standard","meta":{"footnotes":""},"categories":[9],"tags":[22,23,24],"class_list":["post-737","post","type-post","status-publish","format-standard","has-post-thumbnail","hentry","category-turismo","tag-22","tag-ararangua","tag-santa-catarina"],"_links":{"self":[{"href":"https:\/\/tvsulcatarinense.com.br\/index.php?rest_route=\/wp\/v2\/posts\/737","targetHints":{"allow":["GET"]}}],"collection":[{"href":"https:\/\/tvsulcatarinense.com.br\/index.php?rest_route=\/wp\/v2\/posts"}],"about":[{"href":"https:\/\/tvsulcatarinense.com.br\/index.php?rest_route=\/wp\/v2\/types\/post"}],"author":[{"embeddable":true,"href":"https:\/\/tvsulcatarinense.com.br\/index.php?rest_route=\/wp\/v2\/users\/1"}],"replies":[{"embeddable":true,"href":"https:\/\/tvsulcatarinense.com.br\/index.php?rest_route=%2Fwp%2Fv2%2Fcomments&post=737"}],"version-history":[{"count":1,"href":"https:\/\/tvsulcatarinense.com.br\/index.php?rest_route=\/wp\/v2\/posts\/737\/revisions"}],"predecessor-version":[{"id":739,"href":"https:\/\/tvsulcatarinense.com.br\/index.php?rest_route=\/wp\/v2\/posts\/737\/revisions\/739"}],"wp:featuredmedia":[{"embeddable":true,"href":"https:\/\/tvsulcatarinense.com.br\/index.php?rest_route=\/wp\/v2\/media\/738"}],"wp:attachment":[{"href":"https:\/\/tvsulcatarinense.com.br\/index.php?rest_route=%2Fwp%2Fv2%2Fmedia&parent=737"}],"wp:term":[{"taxonomy":"category","embeddable":true,"href":"https:\/\/tvsulcatarinense.com.br\/index.php?rest_route=%2Fwp%2Fv2%2Fcategories&post=737"},{"taxonomy":"post_tag","embeddable":true,"href":"https:\/\/tvsulcatarinense.com.br\/index.php?rest_route=%2Fwp%2Fv2%2Ftags&post=737"}],"curies":[{"name":"wp","href":"https:\/\/api.w.org\/{rel}","templated":true}]}}