{"id":727,"date":"2025-02-14T15:30:04","date_gmt":"2025-02-14T18:30:04","guid":{"rendered":"https:\/\/tvsulcatarinense.com.br\/?p=727"},"modified":"2025-02-14T15:30:04","modified_gmt":"2025-02-14T18:30:04","slug":"cdl-mulher-capacita-empresarias-de-ararangua-com-treinamento-de-comunicacao-assertiva","status":"publish","type":"post","link":"https:\/\/tvsulcatarinense.com.br\/?p=727","title":{"rendered":"CDL Mulher capacita empres\u00e1rias de Ararangu\u00e1 com treinamento de comunica\u00e7\u00e3o assertiva"},"content":{"rendered":"\n<p>De 10 a 13 de fevereiro, a CDL de Ararangu\u00e1 realizou um treinamento sobre Comunica\u00e7\u00e3o Assertiva, voltado para as mulheres que integram a C\u00e2mara da Mulher Empres\u00e1ria, CDL Mulher.<\/p>\n\n\n\n<p>A capacita\u00e7\u00e3o foi conduzida pela especialista Greici Rohr, que compartilhou com as participantes t\u00e9cnicas e estrat\u00e9gias para aprimorar a comunica\u00e7\u00e3o no ambiente profissional e pessoal.<\/p>\n\n\n\n<p>A facilitadora do treinamento, enfatizou que a assertividade \u00e9 essencial tanto para a vida profissional quanto pessoal.<\/p>\n\n\n\n<p>&#8220;A comunica\u00e7\u00e3o assertiva \u00e9 sobre nos expressarmos de forma clara e honesta, respeitando nossos sentimentos e os dos outros. Aprender a se comunicar com assertividade \u00e9 um passo importante para conquistar confian\u00e7a, respeito e lideran\u00e7a&#8221;, afirmou Greici, compartilhando suas experi\u00eancias e ensinamentos com as participantes.<\/p>\n\n\n\n<p>Para Geri Biz, participante do treinamento, a oportunidade foi de grande valor.<\/p>\n\n\n\n<p>&#8220;O treinamento foi extremamente importante para o meu crescimento pessoal e profissional. Al\u00e9m das t\u00e9cnicas sobre comunica\u00e7\u00e3o assertiva, foi uma chance \u00fanica de aprender com uma especialista t\u00e3o qualificada.<\/p>\n\n\n\n<p>Fazer parte da CDL Mulher \u00e9 fundamental, pois nos proporciona uma rede de apoio, desenvolvimento e troca de experi\u00eancias que s\u00e3o essenciais para o nosso sucesso. Estou muito grata por essa oportunidade&#8221;, comentou Geri.<\/p>\n\n\n\n<p>Francini Donadel, tamb\u00e9m participante do treinamento, compartilhou sua satisfa\u00e7\u00e3o com a experi\u00eancia. &#8220;O treinamento superou todas as minhas expectativas.<\/p>\n\n\n\n<p>A abordagem pr\u00e1tica e as t\u00e9cnicas de comunica\u00e7\u00e3o assertiva apresentadas pela Greici foram extremamente enriquecedoras.<\/p>\n\n\n\n<p>Senti que aprendi muito sobre como me comunicar de forma mais eficaz, tanto no ambiente de trabalho quanto no meu dia a dia&#8221;, afirmou Francini.<\/p>\n\n\n\n<p>A presidente da CDL, Dalva Leme, ressaltou a relev\u00e2ncia do evento para as mulheres empres\u00e1rias.<\/p>\n\n\n\n<p>&#8220;Nosso objetivo \u00e9 promover o crescimento cont\u00ednuo das mulheres que fazem parte da nossa C\u00e2mara, oferecendo a elas ferramentas que impulsionem suas atua\u00e7\u00f5es diversos \u00e2mbitos, e que elas possam passar esse conhecimento para mais mulheres.<\/p>\n\n\n\n<p>O evento refor\u00e7ou o compromisso da CDL em proporcionar constantemente espa\u00e7os de desenvolvimento e fortalecimento para seus associados\u201d, destacou Dalva.<\/p>\n\n\n\n<p>O treinamento foi um grande sucesso, com as participantes saindo com novos aprendizados para aplicar em sua trajet\u00f3ria, e teve o apoio do Sebrae SC.<\/p>\n\n\n\n<p>Fonte: Assessoria de Comunica\u00e7\u00e3o<\/p>\n","protected":false},"excerpt":{"rendered":"<p>De 10 a 13 de fevereiro, a CDL de Ararangu\u00e1 realizou um treinamento sobre Comunica\u00e7\u00e3o Assertiva, voltado para as mulheres que integram a C\u00e2mara da Mulher Empres\u00e1ria, CDL Mulher. A capacita\u00e7\u00e3o foi conduzida pela especialista Greici Rohr, que compartilhou com as participantes t\u00e9cnicas e estrat\u00e9gias para aprimorar a comunica\u00e7\u00e3o no ambiente profissional e pessoal. A [&hellip;]<\/p>\n","protected":false},"author":1,"featured_media":728,"comment_status":"open","ping_status":"open","sticky":false,"template":"","format":"standard","meta":{"footnotes":""},"categories":[11],"tags":[22,23,24],"class_list":["post-727","post","type-post","status-publish","format-standard","has-post-thumbnail","hentry","category-negocios-e-empreendedorismo","tag-22","tag-ararangua","tag-santa-catarina"],"_links":{"self":[{"href":"https:\/\/tvsulcatarinense.com.br\/index.php?rest_route=\/wp\/v2\/posts\/727","targetHints":{"allow":["GET"]}}],"collection":[{"href":"https:\/\/tvsulcatarinense.com.br\/index.php?rest_route=\/wp\/v2\/posts"}],"about":[{"href":"https:\/\/tvsulcatarinense.com.br\/index.php?rest_route=\/wp\/v2\/types\/post"}],"author":[{"embeddable":true,"href":"https:\/\/tvsulcatarinense.com.br\/index.php?rest_route=\/wp\/v2\/users\/1"}],"replies":[{"embeddable":true,"href":"https:\/\/tvsulcatarinense.com.br\/index.php?rest_route=%2Fwp%2Fv2%2Fcomments&post=727"}],"version-history":[{"count":1,"href":"https:\/\/tvsulcatarinense.com.br\/index.php?rest_route=\/wp\/v2\/posts\/727\/revisions"}],"predecessor-version":[{"id":729,"href":"https:\/\/tvsulcatarinense.com.br\/index.php?rest_route=\/wp\/v2\/posts\/727\/revisions\/729"}],"wp:featuredmedia":[{"embeddable":true,"href":"https:\/\/tvsulcatarinense.com.br\/index.php?rest_route=\/wp\/v2\/media\/728"}],"wp:attachment":[{"href":"https:\/\/tvsulcatarinense.com.br\/index.php?rest_route=%2Fwp%2Fv2%2Fmedia&parent=727"}],"wp:term":[{"taxonomy":"category","embeddable":true,"href":"https:\/\/tvsulcatarinense.com.br\/index.php?rest_route=%2Fwp%2Fv2%2Fcategories&post=727"},{"taxonomy":"post_tag","embeddable":true,"href":"https:\/\/tvsulcatarinense.com.br\/index.php?rest_route=%2Fwp%2Fv2%2Ftags&post=727"}],"curies":[{"name":"wp","href":"https:\/\/api.w.org\/{rel}","templated":true}]}}