{"id":618,"date":"2025-02-11T13:50:27","date_gmt":"2025-02-11T16:50:27","guid":{"rendered":"https:\/\/tvsulcatarinense.com.br\/?p=618"},"modified":"2025-02-11T13:50:27","modified_gmt":"2025-02-11T16:50:27","slug":"domingo-tem-espetaculo-do-grupo-cirandela-em-balneario-arroio-do-silva","status":"publish","type":"post","link":"https:\/\/tvsulcatarinense.com.br\/?p=618","title":{"rendered":"Domingo tem espet\u00e1culo do Grupo Cirandela em Balne\u00e1rio Arroio do Silva"},"content":{"rendered":"\n<p>Fazendo parte da programa\u00e7\u00e3o da temporada de ver\u00e3o 2025 de Balne\u00e1rio Arroio do Silva, uma apresenta\u00e7\u00e3o especial ser\u00e1 realizada no pr\u00f3ximo fim de semana.<\/p>\n\n\n\n<p>A cidade recebe no domingo (16) o espet\u00e1culo de conta\u00e7\u00e3o e canta\u00e7\u00e3o de hist\u00f3rias \u201cL\u00e1 Vem Poesia\u201d.<\/p>\n\n\n\n<p>Por meio de uma linguagem l\u00fadica e po\u00e9tica, o espet\u00e1culo de conta\u00e7\u00e3o e canta\u00e7\u00e3o de hist\u00f3rias \u00e9 composto por contos e m\u00fasicas autorais, al\u00e9m de poesias musicadas, contos populares e cl\u00e1ssicos da literatura infantil, estimulando o imagin\u00e1rio e proporcionando \u00e0 crian\u00e7as e adultos a (re)descoberta deste tempo e lugar chamado inf\u00e2ncia.<\/p>\n\n\n\n<p>O Grupo Cirandela far\u00e1 a apresenta\u00e7\u00e3o na quadra central \u00e0s 19h.<\/p>\n\n\n\n<p>O espet\u00e1culo \u00e9 aberto ao p\u00fablico e faz parte da programa\u00e7\u00e3o de ver\u00e3o promovida pela Prefeitura, por meio da Secretaria de Turismo.<\/p>\n\n\n\n<p><em>Fonte: Assessoria de Comunica\u00e7\u00e3o<\/em><\/p>\n\n\n\n<figure class=\"wp-block-image\"><img decoding=\"async\" src=\"https:\/\/uaaau.com.br\/uploads\/blog_25316\/1739292515_whatsapp_image_2025-02-11_at_10.59.52__1_.jpeg\" alt=\"\"\/><\/figure>\n","protected":false},"excerpt":{"rendered":"<p>Fazendo parte da programa\u00e7\u00e3o da temporada de ver\u00e3o 2025 de Balne\u00e1rio Arroio do Silva, uma apresenta\u00e7\u00e3o especial ser\u00e1 realizada no pr\u00f3ximo fim de semana. A cidade recebe no domingo (16) o espet\u00e1culo de conta\u00e7\u00e3o e canta\u00e7\u00e3o de hist\u00f3rias \u201cL\u00e1 Vem Poesia\u201d. Por meio de uma linguagem l\u00fadica e po\u00e9tica, o espet\u00e1culo de conta\u00e7\u00e3o e canta\u00e7\u00e3o [&hellip;]<\/p>\n","protected":false},"author":1,"featured_media":619,"comment_status":"open","ping_status":"open","sticky":false,"template":"","format":"standard","meta":{"footnotes":""},"categories":[9],"tags":[22,25,24],"class_list":["post-618","post","type-post","status-publish","format-standard","has-post-thumbnail","hentry","category-turismo","tag-22","tag-balneario-arroio-do-silva","tag-santa-catarina"],"_links":{"self":[{"href":"https:\/\/tvsulcatarinense.com.br\/index.php?rest_route=\/wp\/v2\/posts\/618","targetHints":{"allow":["GET"]}}],"collection":[{"href":"https:\/\/tvsulcatarinense.com.br\/index.php?rest_route=\/wp\/v2\/posts"}],"about":[{"href":"https:\/\/tvsulcatarinense.com.br\/index.php?rest_route=\/wp\/v2\/types\/post"}],"author":[{"embeddable":true,"href":"https:\/\/tvsulcatarinense.com.br\/index.php?rest_route=\/wp\/v2\/users\/1"}],"replies":[{"embeddable":true,"href":"https:\/\/tvsulcatarinense.com.br\/index.php?rest_route=%2Fwp%2Fv2%2Fcomments&post=618"}],"version-history":[{"count":1,"href":"https:\/\/tvsulcatarinense.com.br\/index.php?rest_route=\/wp\/v2\/posts\/618\/revisions"}],"predecessor-version":[{"id":620,"href":"https:\/\/tvsulcatarinense.com.br\/index.php?rest_route=\/wp\/v2\/posts\/618\/revisions\/620"}],"wp:featuredmedia":[{"embeddable":true,"href":"https:\/\/tvsulcatarinense.com.br\/index.php?rest_route=\/wp\/v2\/media\/619"}],"wp:attachment":[{"href":"https:\/\/tvsulcatarinense.com.br\/index.php?rest_route=%2Fwp%2Fv2%2Fmedia&parent=618"}],"wp:term":[{"taxonomy":"category","embeddable":true,"href":"https:\/\/tvsulcatarinense.com.br\/index.php?rest_route=%2Fwp%2Fv2%2Fcategories&post=618"},{"taxonomy":"post_tag","embeddable":true,"href":"https:\/\/tvsulcatarinense.com.br\/index.php?rest_route=%2Fwp%2Fv2%2Ftags&post=618"}],"curies":[{"name":"wp","href":"https:\/\/api.w.org\/{rel}","templated":true}]}}