{"id":604,"date":"2025-02-11T11:29:29","date_gmt":"2025-02-11T14:29:29","guid":{"rendered":"https:\/\/tvsulcatarinense.com.br\/?p=604"},"modified":"2025-02-11T11:29:29","modified_gmt":"2025-02-11T14:29:29","slug":"reuniao-do-colegiado-de-cultura-da-amesc-define-diretrizes-para-2025","status":"publish","type":"post","link":"https:\/\/tvsulcatarinense.com.br\/?p=604","title":{"rendered":"Reuni\u00e3o do Colegiado de Cultura da AMESC define diretrizes para 2025"},"content":{"rendered":"\n<p>A sede da Associa\u00e7\u00e3o dos Munic\u00edpios do Extremo Sul Catarinense (AMESC), em Ararangu\u00e1, foi palco da primeira reuni\u00e3o do Colegiado de Cultura da regi\u00e3o, nesta segunda-feira (10\/02).<\/p>\n\n\n\n<p>O encontro marcou o in\u00edcio dos trabalhos dos novos membros do colegiado, que assumem com o desafio de fortalecer a gest\u00e3o p\u00fablica da cultura nos 15 munic\u00edpios que comp\u00f5em a associa\u00e7\u00e3o.<\/p>\n\n\n\n<p>Durante a reuni\u00e3o, os participantes se apresentaram e compartilharam suas experi\u00eancias na gest\u00e3o cultural, trocando ideias sobre boas pr\u00e1ticas e desafios comuns.<\/p>\n\n\n\n<p>Al\u00e9m disso, foram eleitos os novos membros do Colegiado de Cultura da FECAM &#8211; CONGESC para os pr\u00f3ximos dois anos: Jaime Luis da Silveira Batista, gestor do Departamento de Cultura do munic\u00edpio de Passo de Torres, como membro titular, e M\u00e1rcia Fernanda Rosa, diretora de Cultura do munic\u00edpio de Santa Rosa do Sul, como membro suplente.<\/p>\n\n\n\n<p>No decorrer do encontro, tamb\u00e9m foi tra\u00e7ado o plano de trabalho do colegiado para o ano de 2025, com foco na capacita\u00e7\u00e3o dos gestores, incentivo \u00e0 cultura local e participa\u00e7\u00e3o em eventos estaduais e nacionais.<\/p>\n\n\n\n<p>O coordenador de Cultura e Turismo da AMESC, Jorge Scandolara Junior, destacou a import\u00e2ncia da coopera\u00e7\u00e3o entre os munic\u00edpios para o fortalecimento da cultura regional.<\/p>\n\n\n\n<p>\u201cA gest\u00e3o cultural precisa ser planejada de forma integrada, respeitando as especificidades de cada munic\u00edpio, mas sempre com o olhar voltado para o crescimento conjunto.<\/p>\n\n\n\n<p>Esse colegiado tem um papel fundamental na articula\u00e7\u00e3o de pol\u00edticas p\u00fablicas que realmente fa\u00e7am a diferen\u00e7a na vida dos nossos artistas e produtores culturais\u201d, afirmou.<\/p>\n\n\n\n<p>O presidente do Colegiado de Cultura da AMESC e secret\u00e1rio de Cultura de Praia Grande, Kau\u00ea Bellettini, refor\u00e7ou a import\u00e2ncia das capacita\u00e7\u00f5es e do engajamento do grupo.<\/p>\n\n\n\n<p>\u201cNosso foco para 2025 \u00e9 promover a qualifica\u00e7\u00e3o dos gestores culturais e ampliar o acesso \u00e0s pol\u00edticas culturais.<\/p>\n\n\n\n<p>Al\u00e9m disso, queremos incentivar a participa\u00e7\u00e3o ativa nos eventos do setor, garantindo que a regi\u00e3o do extremo sul catarinense tenha uma representatividade forte e atuante\u201d, pontuou.<\/p>\n\n\n\n<p>Com uma agenda estruturada e um grupo comprometido, entre as a\u00e7\u00f5es definidas para o ano, est\u00e3o previstas capacita\u00e7\u00f5es sobre gest\u00e3o de projetos culturais, capta\u00e7\u00e3o de recursos e leis de incentivo \u00e0 cultura.<\/p>\n\n\n\n<p>Al\u00e9m disso, o colegiado j\u00e1 confirmou presen\u00e7a em eventos como o Encontro Estadual de Gestores Culturais.<\/p>\n\n\n\n<p>Segundo a presidente da AMESC, prefeita de Sombrio, Gislaine Dias da Cunha, o Colegiado de Cultura da AMESC inicia seus trabalhos com a miss\u00e3o de consolidar a cultura como um pilar essencial no desenvolvimento regional.<\/p>\n","protected":false},"excerpt":{"rendered":"<p>A sede da Associa\u00e7\u00e3o dos Munic\u00edpios do Extremo Sul Catarinense (AMESC), em Ararangu\u00e1, foi palco da primeira reuni\u00e3o do Colegiado de Cultura da regi\u00e3o, nesta segunda-feira (10\/02). O encontro marcou o in\u00edcio dos trabalhos dos novos membros do colegiado, que assumem com o desafio de fortalecer a gest\u00e3o p\u00fablica da cultura nos 15 munic\u00edpios que [&hellip;]<\/p>\n","protected":false},"author":1,"featured_media":605,"comment_status":"open","ping_status":"open","sticky":false,"template":"","format":"standard","meta":{"footnotes":""},"categories":[9],"tags":[22,38,24],"class_list":["post-604","post","type-post","status-publish","format-standard","has-post-thumbnail","hentry","category-turismo","tag-22","tag-amesc","tag-santa-catarina"],"_links":{"self":[{"href":"https:\/\/tvsulcatarinense.com.br\/index.php?rest_route=\/wp\/v2\/posts\/604","targetHints":{"allow":["GET"]}}],"collection":[{"href":"https:\/\/tvsulcatarinense.com.br\/index.php?rest_route=\/wp\/v2\/posts"}],"about":[{"href":"https:\/\/tvsulcatarinense.com.br\/index.php?rest_route=\/wp\/v2\/types\/post"}],"author":[{"embeddable":true,"href":"https:\/\/tvsulcatarinense.com.br\/index.php?rest_route=\/wp\/v2\/users\/1"}],"replies":[{"embeddable":true,"href":"https:\/\/tvsulcatarinense.com.br\/index.php?rest_route=%2Fwp%2Fv2%2Fcomments&post=604"}],"version-history":[{"count":1,"href":"https:\/\/tvsulcatarinense.com.br\/index.php?rest_route=\/wp\/v2\/posts\/604\/revisions"}],"predecessor-version":[{"id":606,"href":"https:\/\/tvsulcatarinense.com.br\/index.php?rest_route=\/wp\/v2\/posts\/604\/revisions\/606"}],"wp:featuredmedia":[{"embeddable":true,"href":"https:\/\/tvsulcatarinense.com.br\/index.php?rest_route=\/wp\/v2\/media\/605"}],"wp:attachment":[{"href":"https:\/\/tvsulcatarinense.com.br\/index.php?rest_route=%2Fwp%2Fv2%2Fmedia&parent=604"}],"wp:term":[{"taxonomy":"category","embeddable":true,"href":"https:\/\/tvsulcatarinense.com.br\/index.php?rest_route=%2Fwp%2Fv2%2Fcategories&post=604"},{"taxonomy":"post_tag","embeddable":true,"href":"https:\/\/tvsulcatarinense.com.br\/index.php?rest_route=%2Fwp%2Fv2%2Ftags&post=604"}],"curies":[{"name":"wp","href":"https:\/\/api.w.org\/{rel}","templated":true}]}}