{"id":525,"date":"2025-02-07T16:32:40","date_gmt":"2025-02-07T19:32:40","guid":{"rendered":"https:\/\/tvsulcatarinense.com.br\/?p=525"},"modified":"2025-02-07T16:32:40","modified_gmt":"2025-02-07T19:32:40","slug":"aciva-participa-de-reuniao-sobre-o-futuro-do-aeroporto-de-jaguaruna","status":"publish","type":"post","link":"https:\/\/tvsulcatarinense.com.br\/?p=525","title":{"rendered":"ACIVA participa de reuni\u00e3o sobre o futuro do Aeroporto de Jaguaruna"},"content":{"rendered":"\n<p>A Associa\u00e7\u00e3o Empresarial de Ararangu\u00e1 e Extremo Sul Catarinense (ACIVA) esteve presente em uma reuni\u00e3o estrat\u00e9gica para debater o futuro do Aeroporto Regional Sul Humberto Ghizzo Bortoluzzi, localizado em Jaguaruna.<\/p>\n\n\n\n<p>O encontro reuniu representantes do setor empresarial, pol\u00edtico e autoridades aeroportu\u00e1rias, como o secret\u00e1rio Beto Martins, com o objetivo de discutir melhorias na infraestrutura, a nova concess\u00e3o do aeroporto e o anuncio de sa\u00edda da Azul Linhas A\u00e9reas da regi\u00e3o.<\/p>\n\n\n\n<p>A Aciva esteve representada pelo vice-presidente, Jadiel Boza Dela Vechia, que afirmou que a reuni\u00e3o teve um car\u00e1ter explicativo.<\/p>\n\n\n\n<p>\u201cCom rela\u00e7\u00e3o a empresa que vai assumir o contrato precisa de mais 60 dias para juntar a documenta\u00e7\u00e3o, al\u00e9m dos 30 dias que tinha, ent\u00e3o at\u00e9 abril eles ter\u00e3o para assinar o contrato\u201d, contou.<\/p>\n\n\n\n<p> Com rela\u00e7\u00e3o a possibilidade de novas linhas e da sa\u00edda anunciada de uma das companhias, as informa\u00e7\u00f5es tamb\u00e9m foram atualizadas aos presentes.<\/p>\n\n\n\n<p>\u201cA Azul est\u00e1 com 30 aeronaves paradas, por falta de manuten\u00e7\u00e3o, s\u00f3 que manuten\u00e7\u00e3o \u00e9 de aproximadamente R$ 30 milh\u00f5es cada uma, e eles est\u00e3o com dificuldade financeira\u201d, contou.<\/p>\n","protected":false},"excerpt":{"rendered":"<p>A Associa\u00e7\u00e3o Empresarial de Ararangu\u00e1 e Extremo Sul Catarinense (ACIVA) esteve presente em uma reuni\u00e3o estrat\u00e9gica para debater o futuro do Aeroporto Regional Sul Humberto Ghizzo Bortoluzzi, localizado em Jaguaruna. O encontro reuniu representantes do setor empresarial, pol\u00edtico e autoridades aeroportu\u00e1rias, como o secret\u00e1rio Beto Martins, com o objetivo de discutir melhorias na infraestrutura, a [&hellip;]<\/p>\n","protected":false},"author":1,"featured_media":526,"comment_status":"open","ping_status":"open","sticky":false,"template":"","format":"standard","meta":{"footnotes":""},"categories":[11],"tags":[36,23,24],"class_list":["post-525","post","type-post","status-publish","format-standard","has-post-thumbnail","hentry","category-negocios-e-empreendedorismo","tag-aciva","tag-ararangua","tag-santa-catarina"],"_links":{"self":[{"href":"https:\/\/tvsulcatarinense.com.br\/index.php?rest_route=\/wp\/v2\/posts\/525","targetHints":{"allow":["GET"]}}],"collection":[{"href":"https:\/\/tvsulcatarinense.com.br\/index.php?rest_route=\/wp\/v2\/posts"}],"about":[{"href":"https:\/\/tvsulcatarinense.com.br\/index.php?rest_route=\/wp\/v2\/types\/post"}],"author":[{"embeddable":true,"href":"https:\/\/tvsulcatarinense.com.br\/index.php?rest_route=\/wp\/v2\/users\/1"}],"replies":[{"embeddable":true,"href":"https:\/\/tvsulcatarinense.com.br\/index.php?rest_route=%2Fwp%2Fv2%2Fcomments&post=525"}],"version-history":[{"count":1,"href":"https:\/\/tvsulcatarinense.com.br\/index.php?rest_route=\/wp\/v2\/posts\/525\/revisions"}],"predecessor-version":[{"id":527,"href":"https:\/\/tvsulcatarinense.com.br\/index.php?rest_route=\/wp\/v2\/posts\/525\/revisions\/527"}],"wp:featuredmedia":[{"embeddable":true,"href":"https:\/\/tvsulcatarinense.com.br\/index.php?rest_route=\/wp\/v2\/media\/526"}],"wp:attachment":[{"href":"https:\/\/tvsulcatarinense.com.br\/index.php?rest_route=%2Fwp%2Fv2%2Fmedia&parent=525"}],"wp:term":[{"taxonomy":"category","embeddable":true,"href":"https:\/\/tvsulcatarinense.com.br\/index.php?rest_route=%2Fwp%2Fv2%2Fcategories&post=525"},{"taxonomy":"post_tag","embeddable":true,"href":"https:\/\/tvsulcatarinense.com.br\/index.php?rest_route=%2Fwp%2Fv2%2Ftags&post=525"}],"curies":[{"name":"wp","href":"https:\/\/api.w.org\/{rel}","templated":true}]}}