{"id":505,"date":"2025-02-07T11:57:31","date_gmt":"2025-02-07T14:57:31","guid":{"rendered":"https:\/\/tvsulcatarinense.com.br\/?p=505"},"modified":"2025-02-07T11:57:31","modified_gmt":"2025-02-07T14:57:31","slug":"sombrio-investe-em-tecnologia-inclusao-e-infraestrutura-para-a-educacao-municipal","status":"publish","type":"post","link":"https:\/\/tvsulcatarinense.com.br\/?p=505","title":{"rendered":"Sombrio investe em tecnologia, inclus\u00e3o e infraestrutura para a educa\u00e7\u00e3o municipal"},"content":{"rendered":"\n<p>A educa\u00e7\u00e3o municipal de Sombrio inicia 2025 com uma s\u00e9rie de metas voltadas \u00e0 moderniza\u00e7\u00e3o, inclus\u00e3o e fortalecimento das pol\u00edticas educacionais, tendo cerca de 4 mil alunos matriculados na rede.<\/p>\n\n\n\n<p>O ano letivo come\u00e7a com uma s\u00e9rie de atividades organizadas pela Secretaria de Educa\u00e7\u00e3o:<\/p>\n\n\n\n<p>10 e 11\/02 \u2013 Escolha de vagas do processo seletivo;<br>12\/02 \u2013 Encerramento das col\u00f4nias de f\u00e9rias;<br>13\/02 \u2013 Planejamento interno nos CEIs e escolas;<br>14\/02 \u2013 Forma\u00e7\u00e3o pedag\u00f3gica;<br>17\/02 \u2013 In\u00edcio das aulas.<\/p>\n\n\n\n<p><strong>Metas para 2025<\/strong><\/p>\n\n\n\n<p>Entre as principais a\u00e7\u00f5es planejadas para este ano, est\u00e1 a expans\u00e3o do uso da tecnologia nas salas de aula, com acesso a recursos digitais e fortalecimento do projeto de rob\u00f3tica.<\/p>\n\n\n\n<p>A inclus\u00e3o segue como prioridade, com amplia\u00e7\u00e3o da equipe multidisciplinar para atender alunos com necessidades especiais, al\u00e9m da busca por recursos para a cria\u00e7\u00e3o de um centro de atendimento especializado ou a Casa do Autista de Sombrio.<\/p>\n\n\n\n<p>A entrega de uniformes e materiais escolares para todos os alunos tamb\u00e9m est\u00e1 garantida, al\u00e9m da disponibiliza\u00e7\u00e3o de apostilas da Educa\u00e7\u00e3o Infantil ao 9\u00ba ano do Ensino Fundamental.<\/p>\n\n\n\n<p>O incentivo ao esporte ser\u00e1 refor\u00e7ado com a aquisi\u00e7\u00e3o de novos materiais para as aulas de Educa\u00e7\u00e3o F\u00edsica e amplia\u00e7\u00e3o dos projetos extracurriculares, incluindo esportes, artes e m\u00fasica.<\/p>\n\n\n\n<p>O transporte escolar dos estudantes universit\u00e1rios tamb\u00e9m receber\u00e1 apoio da prefeitura.<\/p>\n\n\n\n<p>Na \u00e1rea de infraestrutura, est\u00e3o previstas a reforma do CEI Crian\u00e7a Feliz (Raizeira), a amplia\u00e7\u00e3o da Escola Ant\u00f4nio Stuart, incluindo melhorias no tr\u00e2nsito de \u00f4nibus escolares e reestrutura\u00e7\u00e3o do parquinho, al\u00e9m da reforma do CEI Pequeno Polegar, no bairro Janu\u00e1ria, para a cria\u00e7\u00e3o de novas vagas.<\/p>\n\n\n\n<p>A constru\u00e7\u00e3o do novo CEI no bairro Guarita ampliar\u00e1 ainda mais a oferta na educa\u00e7\u00e3o infantil.<\/p>\n\n\n\n<p>A revitaliza\u00e7\u00e3o da entrada do CEI Sombrio Crian\u00e7a \u2013 CAIC e da Escola Nilza Matos Pereira \u2013 CAIC tamb\u00e9m est\u00e1 no planejamento.<\/p>\n\n\n\n<p>A moderniza\u00e7\u00e3o das bibliotecas escolares, aquisi\u00e7\u00e3o de brinquedos educativos e renova\u00e7\u00e3o do mobili\u00e1rio escolar visam garantir mais conforto e qualidade no aprendizado.<\/p>\n\n\n\n<p>A Secretaria de Educa\u00e7\u00e3o tamb\u00e9m contar\u00e1 com novo ve\u00edculo e melhorias no espa\u00e7o administrativo, incluindo a climatiza\u00e7\u00e3o do ambiente e um local adequado para armazenamento da merenda escolar.<\/p>\n\n\n\n<p>Al\u00e9m disso, os professores ter\u00e3o acesso a forma\u00e7\u00f5es continuadas, com foco em metodologias ativas e inova\u00e7\u00e3o pedag\u00f3gica, al\u00e9m de capacita\u00e7\u00e3o espec\u00edfica para merendeiras e servi\u00e7os gerais em mar\u00e7o.<\/p>\n\n\n\n<figure class=\"wp-block-image size-large\"><img fetchpriority=\"high\" decoding=\"async\" width=\"1024\" height=\"576\" src=\"https:\/\/tvsulcatarinense.com.br\/wp-content\/uploads\/2025\/02\/1-10-1024x576.jpg\" alt=\"\" class=\"wp-image-507\" srcset=\"https:\/\/tvsulcatarinense.com.br\/wp-content\/uploads\/2025\/02\/1-10-1024x576.jpg 1024w, https:\/\/tvsulcatarinense.com.br\/wp-content\/uploads\/2025\/02\/1-10-300x169.jpg 300w, https:\/\/tvsulcatarinense.com.br\/wp-content\/uploads\/2025\/02\/1-10-768x432.jpg 768w, https:\/\/tvsulcatarinense.com.br\/wp-content\/uploads\/2025\/02\/1-10.jpg 1280w\" sizes=\"(max-width: 1024px) 100vw, 1024px\" \/><\/figure>\n\n\n\n<figure class=\"wp-block-image size-large\"><img decoding=\"async\" width=\"1024\" height=\"576\" src=\"https:\/\/tvsulcatarinense.com.br\/wp-content\/uploads\/2025\/02\/2-2-1024x576.jpg\" alt=\"\" class=\"wp-image-508\" srcset=\"https:\/\/tvsulcatarinense.com.br\/wp-content\/uploads\/2025\/02\/2-2-1024x576.jpg 1024w, https:\/\/tvsulcatarinense.com.br\/wp-content\/uploads\/2025\/02\/2-2-300x169.jpg 300w, https:\/\/tvsulcatarinense.com.br\/wp-content\/uploads\/2025\/02\/2-2-768x432.jpg 768w, https:\/\/tvsulcatarinense.com.br\/wp-content\/uploads\/2025\/02\/2-2.jpg 1280w\" sizes=\"(max-width: 1024px) 100vw, 1024px\" \/><\/figure>\n\n\n\n<figure class=\"wp-block-image size-large\"><img decoding=\"async\" width=\"1024\" height=\"576\" src=\"https:\/\/tvsulcatarinense.com.br\/wp-content\/uploads\/2025\/02\/4-2-1024x576.jpg\" alt=\"\" class=\"wp-image-509\" srcset=\"https:\/\/tvsulcatarinense.com.br\/wp-content\/uploads\/2025\/02\/4-2-1024x576.jpg 1024w, https:\/\/tvsulcatarinense.com.br\/wp-content\/uploads\/2025\/02\/4-2-300x169.jpg 300w, https:\/\/tvsulcatarinense.com.br\/wp-content\/uploads\/2025\/02\/4-2-768x432.jpg 768w, https:\/\/tvsulcatarinense.com.br\/wp-content\/uploads\/2025\/02\/4-2.jpg 1280w\" sizes=\"(max-width: 1024px) 100vw, 1024px\" \/><\/figure>\n","protected":false},"excerpt":{"rendered":"<p>A educa\u00e7\u00e3o municipal de Sombrio inicia 2025 com uma s\u00e9rie de metas voltadas \u00e0 moderniza\u00e7\u00e3o, inclus\u00e3o e fortalecimento das pol\u00edticas educacionais, tendo cerca de 4 mil alunos matriculados na rede. O ano letivo come\u00e7a com uma s\u00e9rie de atividades organizadas pela Secretaria de Educa\u00e7\u00e3o: 10 e 11\/02 \u2013 Escolha de vagas do processo seletivo;12\/02 \u2013 [&hellip;]<\/p>\n","protected":false},"author":1,"featured_media":506,"comment_status":"open","ping_status":"open","sticky":false,"template":"","format":"standard","meta":{"footnotes":""},"categories":[11],"tags":[22,24,32],"class_list":["post-505","post","type-post","status-publish","format-standard","has-post-thumbnail","hentry","category-negocios-e-empreendedorismo","tag-22","tag-santa-catarina","tag-sombrio"],"_links":{"self":[{"href":"https:\/\/tvsulcatarinense.com.br\/index.php?rest_route=\/wp\/v2\/posts\/505","targetHints":{"allow":["GET"]}}],"collection":[{"href":"https:\/\/tvsulcatarinense.com.br\/index.php?rest_route=\/wp\/v2\/posts"}],"about":[{"href":"https:\/\/tvsulcatarinense.com.br\/index.php?rest_route=\/wp\/v2\/types\/post"}],"author":[{"embeddable":true,"href":"https:\/\/tvsulcatarinense.com.br\/index.php?rest_route=\/wp\/v2\/users\/1"}],"replies":[{"embeddable":true,"href":"https:\/\/tvsulcatarinense.com.br\/index.php?rest_route=%2Fwp%2Fv2%2Fcomments&post=505"}],"version-history":[{"count":1,"href":"https:\/\/tvsulcatarinense.com.br\/index.php?rest_route=\/wp\/v2\/posts\/505\/revisions"}],"predecessor-version":[{"id":510,"href":"https:\/\/tvsulcatarinense.com.br\/index.php?rest_route=\/wp\/v2\/posts\/505\/revisions\/510"}],"wp:featuredmedia":[{"embeddable":true,"href":"https:\/\/tvsulcatarinense.com.br\/index.php?rest_route=\/wp\/v2\/media\/506"}],"wp:attachment":[{"href":"https:\/\/tvsulcatarinense.com.br\/index.php?rest_route=%2Fwp%2Fv2%2Fmedia&parent=505"}],"wp:term":[{"taxonomy":"category","embeddable":true,"href":"https:\/\/tvsulcatarinense.com.br\/index.php?rest_route=%2Fwp%2Fv2%2Fcategories&post=505"},{"taxonomy":"post_tag","embeddable":true,"href":"https:\/\/tvsulcatarinense.com.br\/index.php?rest_route=%2Fwp%2Fv2%2Ftags&post=505"}],"curies":[{"name":"wp","href":"https:\/\/api.w.org\/{rel}","templated":true}]}}