{"id":502,"date":"2025-02-07T11:06:04","date_gmt":"2025-02-07T14:06:04","guid":{"rendered":"https:\/\/tvsulcatarinense.com.br\/?p=502"},"modified":"2025-02-07T11:06:04","modified_gmt":"2025-02-07T14:06:04","slug":"liquidaru-comeca-neste-sabado-em-ararangua","status":"publish","type":"post","link":"https:\/\/tvsulcatarinense.com.br\/?p=502","title":{"rendered":"LiquidAru come\u00e7a neste s\u00e1bado em Ararangu\u00e1"},"content":{"rendered":"\n<p>A partir deste s\u00e1bado, 8 de fevereiro, at\u00e9 o dia 15, Ararangu\u00e1 recebe a LiquidAru, a super liquida\u00e7\u00e3o promovida pela C\u00e2mara de Dirigentes Lojistas (CDL) de Ararangu\u00e1.<\/p>\n\n\n\n<p>Mais de 250 lojas participam desta edi\u00e7\u00e3o, oferecendo promo\u00e7\u00f5es imperd\u00edveis em diversos setores, como moda, cama, mesa e banho, artigos para o lar, constru\u00e7\u00e3o civil, acess\u00f3rios, concession\u00e1rias de ve\u00edculos, farm\u00e1cias e muito mais.<\/p>\n\n\n\n<p>Dalva Leme, presidente da CDL de Ararangu\u00e1, destaca a import\u00e2ncia do evento para a economia e o impulso ao com\u00e9rcio da regi\u00e3o.<\/p>\n\n\n\n<p>&#8220;A LiquidAru \u00e9 uma grande oportunidade para os consumidores aproveitarem descontos de at\u00e9 70%, al\u00e9m de fomentar o com\u00e9rcio local e gerar um ambiente de compras atrativo para todos.<\/p>\n\n\n\n<p>Contamos com a participa\u00e7\u00e3o de nossos comerciantes e a presen\u00e7a de nossos consumidores para fazer desta edi\u00e7\u00e3o a melhor de todas&#8221;, afirma Dalva.<\/p>\n\n\n\n<p>A expectativa \u00e9 de que o evento aque\u00e7a as vendas e seja um grande sucesso, movimentando diversos setores e oferecendo ao p\u00fablico uma experi\u00eancia de compra \u00fanica.<\/p>\n\n\n\n<p>Visite as lojas participantes que estar\u00e3o identificadas com cartazes da campanha.<\/p>\n\n\n\n<p>A LiquidAru \u00e9 realizada pela CDL e tem apoio de Abimar Supermercados, Center Shopping e Sicredi.<\/p>\n","protected":false},"excerpt":{"rendered":"<p>A partir deste s\u00e1bado, 8 de fevereiro, at\u00e9 o dia 15, Ararangu\u00e1 recebe a LiquidAru, a super liquida\u00e7\u00e3o promovida pela C\u00e2mara de Dirigentes Lojistas (CDL) de Ararangu\u00e1. Mais de 250 lojas participam desta edi\u00e7\u00e3o, oferecendo promo\u00e7\u00f5es imperd\u00edveis em diversos setores, como moda, cama, mesa e banho, artigos para o lar, constru\u00e7\u00e3o civil, acess\u00f3rios, concession\u00e1rias de [&hellip;]<\/p>\n","protected":false},"author":1,"featured_media":503,"comment_status":"open","ping_status":"open","sticky":false,"template":"","format":"standard","meta":{"footnotes":""},"categories":[11],"tags":[22,23,24],"class_list":["post-502","post","type-post","status-publish","format-standard","has-post-thumbnail","hentry","category-negocios-e-empreendedorismo","tag-22","tag-ararangua","tag-santa-catarina"],"_links":{"self":[{"href":"https:\/\/tvsulcatarinense.com.br\/index.php?rest_route=\/wp\/v2\/posts\/502","targetHints":{"allow":["GET"]}}],"collection":[{"href":"https:\/\/tvsulcatarinense.com.br\/index.php?rest_route=\/wp\/v2\/posts"}],"about":[{"href":"https:\/\/tvsulcatarinense.com.br\/index.php?rest_route=\/wp\/v2\/types\/post"}],"author":[{"embeddable":true,"href":"https:\/\/tvsulcatarinense.com.br\/index.php?rest_route=\/wp\/v2\/users\/1"}],"replies":[{"embeddable":true,"href":"https:\/\/tvsulcatarinense.com.br\/index.php?rest_route=%2Fwp%2Fv2%2Fcomments&post=502"}],"version-history":[{"count":1,"href":"https:\/\/tvsulcatarinense.com.br\/index.php?rest_route=\/wp\/v2\/posts\/502\/revisions"}],"predecessor-version":[{"id":504,"href":"https:\/\/tvsulcatarinense.com.br\/index.php?rest_route=\/wp\/v2\/posts\/502\/revisions\/504"}],"wp:featuredmedia":[{"embeddable":true,"href":"https:\/\/tvsulcatarinense.com.br\/index.php?rest_route=\/wp\/v2\/media\/503"}],"wp:attachment":[{"href":"https:\/\/tvsulcatarinense.com.br\/index.php?rest_route=%2Fwp%2Fv2%2Fmedia&parent=502"}],"wp:term":[{"taxonomy":"category","embeddable":true,"href":"https:\/\/tvsulcatarinense.com.br\/index.php?rest_route=%2Fwp%2Fv2%2Fcategories&post=502"},{"taxonomy":"post_tag","embeddable":true,"href":"https:\/\/tvsulcatarinense.com.br\/index.php?rest_route=%2Fwp%2Fv2%2Ftags&post=502"}],"curies":[{"name":"wp","href":"https:\/\/api.w.org\/{rel}","templated":true}]}}