{"id":431,"date":"2025-02-05T17:03:15","date_gmt":"2025-02-05T20:03:15","guid":{"rendered":"https:\/\/tvsulcatarinense.com.br\/?p=431"},"modified":"2025-02-05T17:03:15","modified_gmt":"2025-02-05T20:03:15","slug":"grupo-de-fisioterapia-apresenta-resultados-positivos","status":"publish","type":"post","link":"https:\/\/tvsulcatarinense.com.br\/?p=431","title":{"rendered":"Grupo de Fisioterapia apresenta resultados positivos"},"content":{"rendered":"\n<p><strong>Meleiro<\/strong><\/p>\n\n\n\n<p>Uma iniciativa que vem apresentando resultados positivos para o tratamento de dores lombares na Cl\u00ednica de Fisioterapia Municipal de Meleiro \u00e9 a Fisioterapia em Grupo.<\/p>\n\n\n\n<p>Essa \u00e9 uma iniciativa importante que visa oferecer um tratamento acess\u00edvel e eficaz para a popula\u00e7\u00e3o.<br>Para participar do grupo de fisioterapia, basta marcar uma consulta com o m\u00e9dico do Posto de Sa\u00fade, solicitar o encaminhamento para o grupo de fisioterapia e interagir com os demais participantes. <\/p>\n\n\n\n<p>Quem est\u00e1 no grupo garante que com a atividade o uso indiscriminado de analg\u00e9sicos diminuiu consideravelmente.<\/p>\n\n\n\n<p><strong>Benef\u00edcios da fisioterapia em grupo<\/strong><\/p>\n\n\n\n<ul class=\"wp-block-list\">\n<li>Tratamento eficaz para dores lombares.<\/li>\n\n\n\n<li>Acess\u00edvel \u00e0 popula\u00e7\u00e3o.<\/li>\n\n\n\n<li>Melhora da qualidade de vida dos participantes.<\/li>\n\n\n\n<li>Oportunidade de compartilhar experi\u00eancias e receber apoio de outras pessoas que sofrem do mesmo problema.<\/li>\n<\/ul>\n\n\n\n<p><strong>Recomenda\u00e7\u00e3o:<\/strong><\/p>\n\n\n\n<p>Se voc\u00ea sofre de dores lombares, n\u00e3o perca a oportunidade de participar do grupo de fisioterapia. Converse com seu m\u00e9dico e pe\u00e7a o encaminhamento. <\/p>\n\n\n\n<p>A fisioterapia em grupo pode ser a solu\u00e7\u00e3o para aliviar suas dores e melhorar sua qualidade de vida.<br>Informa\u00e7\u00f5es adicionais<\/p>\n\n\n\n<ul class=\"wp-block-list\">\n<li>Os encontros do grupo de fisioterapia acontecem na Cl\u00ednica de Fisioterapia Municipal, anexo \u00e0 Secretaria de Sa\u00fade.<\/li>\n\n\n\n<li><\/li>\n\n\n\n<li>Cada grupo \u00e9 formado por 6 participantes.<\/li>\n\n\n\n<li><\/li>\n\n\n\n<li>O fisioterapeuta Fabr\u00edcio Saturno \u00e9 o respons\u00e1vel por conduzir o grupo.<\/li>\n\n\n\n<li><br>Fotos:<\/li>\n<\/ul>\n\n\n\n<figure class=\"wp-block-image size-large\"><img fetchpriority=\"high\" decoding=\"async\" width=\"1024\" height=\"461\" src=\"https:\/\/tvsulcatarinense.com.br\/wp-content\/uploads\/2025\/02\/WhatsApp-Image-2025-02-04-at-17.53.43-1024x461.jpeg\" alt=\"\" class=\"wp-image-433\" srcset=\"https:\/\/tvsulcatarinense.com.br\/wp-content\/uploads\/2025\/02\/WhatsApp-Image-2025-02-04-at-17.53.43-1024x461.jpeg 1024w, https:\/\/tvsulcatarinense.com.br\/wp-content\/uploads\/2025\/02\/WhatsApp-Image-2025-02-04-at-17.53.43-300x135.jpeg 300w, https:\/\/tvsulcatarinense.com.br\/wp-content\/uploads\/2025\/02\/WhatsApp-Image-2025-02-04-at-17.53.43-768x346.jpeg 768w, https:\/\/tvsulcatarinense.com.br\/wp-content\/uploads\/2025\/02\/WhatsApp-Image-2025-02-04-at-17.53.43-1536x691.jpeg 1536w, https:\/\/tvsulcatarinense.com.br\/wp-content\/uploads\/2025\/02\/WhatsApp-Image-2025-02-04-at-17.53.43.jpeg 1600w\" sizes=\"(max-width: 1024px) 100vw, 1024px\" \/><\/figure>\n","protected":false},"excerpt":{"rendered":"<p>Meleiro Uma iniciativa que vem apresentando resultados positivos para o tratamento de dores lombares na Cl\u00ednica de Fisioterapia Municipal de Meleiro \u00e9 a Fisioterapia em Grupo. Essa \u00e9 uma iniciativa importante que visa oferecer um tratamento acess\u00edvel e eficaz para a popula\u00e7\u00e3o.Para participar do grupo de fisioterapia, basta marcar uma consulta com o m\u00e9dico do [&hellip;]<\/p>\n","protected":false},"author":1,"featured_media":432,"comment_status":"open","ping_status":"open","sticky":false,"template":"","format":"standard","meta":{"footnotes":""},"categories":[7],"tags":[22,26,24],"class_list":["post-431","post","type-post","status-publish","format-standard","has-post-thumbnail","hentry","category-saude","tag-22","tag-meleiro","tag-santa-catarina"],"_links":{"self":[{"href":"https:\/\/tvsulcatarinense.com.br\/index.php?rest_route=\/wp\/v2\/posts\/431","targetHints":{"allow":["GET"]}}],"collection":[{"href":"https:\/\/tvsulcatarinense.com.br\/index.php?rest_route=\/wp\/v2\/posts"}],"about":[{"href":"https:\/\/tvsulcatarinense.com.br\/index.php?rest_route=\/wp\/v2\/types\/post"}],"author":[{"embeddable":true,"href":"https:\/\/tvsulcatarinense.com.br\/index.php?rest_route=\/wp\/v2\/users\/1"}],"replies":[{"embeddable":true,"href":"https:\/\/tvsulcatarinense.com.br\/index.php?rest_route=%2Fwp%2Fv2%2Fcomments&post=431"}],"version-history":[{"count":1,"href":"https:\/\/tvsulcatarinense.com.br\/index.php?rest_route=\/wp\/v2\/posts\/431\/revisions"}],"predecessor-version":[{"id":434,"href":"https:\/\/tvsulcatarinense.com.br\/index.php?rest_route=\/wp\/v2\/posts\/431\/revisions\/434"}],"wp:featuredmedia":[{"embeddable":true,"href":"https:\/\/tvsulcatarinense.com.br\/index.php?rest_route=\/wp\/v2\/media\/432"}],"wp:attachment":[{"href":"https:\/\/tvsulcatarinense.com.br\/index.php?rest_route=%2Fwp%2Fv2%2Fmedia&parent=431"}],"wp:term":[{"taxonomy":"category","embeddable":true,"href":"https:\/\/tvsulcatarinense.com.br\/index.php?rest_route=%2Fwp%2Fv2%2Fcategories&post=431"},{"taxonomy":"post_tag","embeddable":true,"href":"https:\/\/tvsulcatarinense.com.br\/index.php?rest_route=%2Fwp%2Fv2%2Ftags&post=431"}],"curies":[{"name":"wp","href":"https:\/\/api.w.org\/{rel}","templated":true}]}}