{"id":353,"date":"2024-09-09T19:04:52","date_gmt":"2024-09-09T22:04:52","guid":{"rendered":"https:\/\/tvsulcatarinense.com.br\/?p=353"},"modified":"2024-09-09T19:05:20","modified_gmt":"2024-09-09T22:05:20","slug":"cooperja-acompanha-colheita-de-arroz-e-atesta-a-qualidade-das-sementes-e-graos","status":"publish","type":"post","link":"https:\/\/tvsulcatarinense.com.br\/?p=353","title":{"rendered":"Cooperja acompanha colheita de arroz e atesta a qualidade das sementes e gr\u00e3os"},"content":{"rendered":"\n<p>E foi dada largada para colheita do arroz. Santa Catarina \u00e9 o segundo maior produtor de arroz do Brasil e se destaca em produtividade. Na safra passada (2022\/23), a produtividade m\u00e9dia ficou em 8.603 Kg por hectare. A safra passada foi um recorde de produ\u00e7\u00e3o e produtividade, ou seja, a maior quantidade produzida e maior produtividade j\u00e1 registradas no estado.<\/p>\n\n\n\n<p>Entretanto na safra 2023\/24 ocorreram precipita\u00e7\u00f5es de chuva mais elevadas e frequentes, principalmente na fase de plantio, com n\u00edveis acima da m\u00e9dia hist\u00f3rica, devido a atua\u00e7\u00e3o do fen\u00f4meno El Ni\u00f1o. O estado deve produzir 1.183.300 toneladas do gr\u00e3o na safra 2023\/24, com uma produtividade m\u00e9dia de 8.105 Kg por hectare. A \u00e1rea plantada prevista \u00e9 146 mil hectares, conforme a Conab.<\/p>\n\n\n\n<p>\u201cTivemos uma safra com muitas adversidades clim\u00e1ticas e muitos dias com nebulosidade. Apesar de tudo \u00e9 louv\u00e1vel todo capricho e dedica\u00e7\u00e3o de nossos associados e produtores de sementes juntamente com os profissionais da UBS acompanhando, para no final colher uma boa semente que entrega no campo um bom resultado\u201d, elogia o Gerente da UBS, Celito Mezzari.<\/p>\n\n\n\n<p>Santa Catarina tamb\u00e9m \u00e9 um importante estado produtor de sementes de arroz, com produtores organizados por meio da Associa\u00e7\u00e3o Catarinense de Produtores de Sementes de Arroz. A Acapsa conta com 16 associados, com predomin\u00e2ncia de produ\u00e7\u00e3o de cultivares desenvolvidas pela Epagri.<\/p>\n\n\n\n<figure class=\"wp-block-image\"><img decoding=\"async\" src=\"https:\/\/idportal.com.br\/wp-content\/uploads\/2018\/08\/20230512-728x90-1.jpg\" alt=\" \" class=\"wp-image-3967\" title=\" \"\/><\/figure>\n\n\n\n<p>Na propriedade da fam\u00edlia Manenti, apesar das condi\u00e7\u00f5es adversas durante o plantio do arroz, o clima favor\u00e1vel ajudou na colheita. Kelvin e o pai Leocir s\u00e3o produtores de sementes para a Cooperja e falam de todo atendimento na certifica\u00e7\u00e3o. \u201cA Cooperja sempre nos apoia e ajuda nas melhores t\u00e9cnicas de manejo para atingir bons resultados, com frequ\u00eancia eles acompanham a \u00e1rea para atestar a qualidade do gr\u00e3o e das sementes produzidas, com isso dando maior seguran\u00e7a e certifica\u00e7\u00e3o na escolha da semente da cooperativa que \u00e9 uma das melhores\u201d, destaca Kelvin.<\/p>\n","protected":false},"excerpt":{"rendered":"<p>E foi dada largada para colheita do arroz. Santa Catarina \u00e9 o segundo maior produtor de arroz do Brasil e se destaca em produtividade. Na safra passada (2022\/23), a produtividade m\u00e9dia ficou em 8.603 Kg por hectare. A safra passada foi um recorde de produ\u00e7\u00e3o e produtividade, ou seja, a maior quantidade produzida e maior [&hellip;]<\/p>\n","protected":false},"author":1,"featured_media":354,"comment_status":"open","ping_status":"open","sticky":false,"template":"","format":"standard","meta":{"footnotes":""},"categories":[21,1],"tags":[],"class_list":["post-353","post","type-post","status-publish","format-standard","has-post-thumbnail","hentry","category-agricultura","category-tv-ao-vivo"],"_links":{"self":[{"href":"https:\/\/tvsulcatarinense.com.br\/index.php?rest_route=\/wp\/v2\/posts\/353","targetHints":{"allow":["GET"]}}],"collection":[{"href":"https:\/\/tvsulcatarinense.com.br\/index.php?rest_route=\/wp\/v2\/posts"}],"about":[{"href":"https:\/\/tvsulcatarinense.com.br\/index.php?rest_route=\/wp\/v2\/types\/post"}],"author":[{"embeddable":true,"href":"https:\/\/tvsulcatarinense.com.br\/index.php?rest_route=\/wp\/v2\/users\/1"}],"replies":[{"embeddable":true,"href":"https:\/\/tvsulcatarinense.com.br\/index.php?rest_route=%2Fwp%2Fv2%2Fcomments&post=353"}],"version-history":[{"count":1,"href":"https:\/\/tvsulcatarinense.com.br\/index.php?rest_route=\/wp\/v2\/posts\/353\/revisions"}],"predecessor-version":[{"id":355,"href":"https:\/\/tvsulcatarinense.com.br\/index.php?rest_route=\/wp\/v2\/posts\/353\/revisions\/355"}],"wp:featuredmedia":[{"embeddable":true,"href":"https:\/\/tvsulcatarinense.com.br\/index.php?rest_route=\/wp\/v2\/media\/354"}],"wp:attachment":[{"href":"https:\/\/tvsulcatarinense.com.br\/index.php?rest_route=%2Fwp%2Fv2%2Fmedia&parent=353"}],"wp:term":[{"taxonomy":"category","embeddable":true,"href":"https:\/\/tvsulcatarinense.com.br\/index.php?rest_route=%2Fwp%2Fv2%2Fcategories&post=353"},{"taxonomy":"post_tag","embeddable":true,"href":"https:\/\/tvsulcatarinense.com.br\/index.php?rest_route=%2Fwp%2Fv2%2Ftags&post=353"}],"curies":[{"name":"wp","href":"https:\/\/api.w.org\/{rel}","templated":true}]}}