{"id":347,"date":"2024-09-09T19:02:37","date_gmt":"2024-09-09T22:02:37","guid":{"rendered":"https:\/\/tvsulcatarinense.com.br\/?p=347"},"modified":"2024-09-09T19:05:32","modified_gmt":"2024-09-09T22:05:32","slug":"visita-tecnica-do-colegiado-de-turismo-da-amesc-a-passo-de-torres-evidencia-potencial-da-cidade-para-o-turismo-regional","status":"publish","type":"post","link":"https:\/\/tvsulcatarinense.com.br\/?p=347","title":{"rendered":"Visita T\u00e9cnica do Colegiado de Turismo da AMESC a Passo de Torres evidencia potencial da cidade para o turismo regional"},"content":{"rendered":"\n<p>Em uma a\u00e7\u00e3o conjunta de desenvolvimento e integra\u00e7\u00e3o do turismo regional, o Colegiado de Turismo da Associa\u00e7\u00e3o dos Munic\u00edpios do Extremo Sul Catarinense (AMESC) realizou uma visita t\u00e9cnica em Passo de Torres na \u00faltima ter\u00e7a-feira, dia 4 de julho. A a\u00e7\u00e3o foi um convite da Secret\u00e1ria Municipal de Turismo, Rosimeri Martins Mengue.<\/p>\n\n\n\n<p>Durante a visita, o grupo conheceu uma s\u00e9rie de empreendimentos tur\u00edsticos do munic\u00edpio, incluindo a Reserva Ecol\u00f3gica do Morro dos Macacos, o Mirante dos Buti\u00e1s, o Restaurante Cantinho do Rio, a Pousada das Moradas do Sol Nascente e a Marina Por do Sol.<\/p>\n\n\n\n<p>O Coordenador de Turismo da AMESC, Jorge Scandolara Junior, destacou a import\u00e2ncia dessa visita para a roteiriza\u00e7\u00e3o do destino Caminho dos Canyons. \u201cTrabalhar em conjunto \u00e9 essencial para potencializar o turismo regional. Passo de Torres tem um significativo potencial tur\u00edstico que, aliado ao bom trabalho da Secret\u00e1ria Rosimeri e da gest\u00e3o municipal, ser\u00e1 ainda mais explorado. Os empreendimentos visitados mostraram-se de bom n\u00edvel e prontos para atender da melhor forma os turistas\u201d, explicou Scandolara.<\/p>\n\n\n\n<figure class=\"wp-block-image\"><img decoding=\"async\" src=\"https:\/\/uaaau.com.br\/uploads\/blog_20298\/1688568072_whatsapp_image_2023-07-05_at_11.30.56.jpeg\" alt=\"\"\/><\/figure>\n\n\n\n<p>Durante a tarde, houve a reuni\u00e3o ordin\u00e1ria do Colegiado de Turismo, onde foram debatidas pautas e demandas da regi\u00e3o do Caminho dos Canyons. A Secret\u00e1ria Rosimeri aproveitou a ocasi\u00e3o para agradecer a presen\u00e7a dos colegas do Colegiado de Turismo e destacou a import\u00e2ncia de Passo de Torres para o turismo na regi\u00e3o.<\/p>\n\n\n\n<figure class=\"wp-block-image\"><img decoding=\"async\" src=\"https:\/\/idportal.com.br\/wp-content\/uploads\/2018\/08\/20230512-728x90-1.jpg\" alt=\" \" class=\"wp-image-3967\" title=\" \"\/><\/figure>\n\n\n\n<p>Estiveram presentes na visita t\u00e9cnica o Prefeito de Passo de Torres, Valmir, o Vice-Prefeito Altemir, e os gestores municipais de turismo de diversos munic\u00edpios da AMESC, incluindo Ararangu\u00e1, Balne\u00e1rio Arroio do Silva, Jacinto Machado, Maracaj\u00e1, Meleiro, Morro Grande, Praia Grande, Santa Rosa do Sul, Sombrio e Timb\u00e9 do Sul.<\/p>\n\n\n\n<p>A a\u00e7\u00e3o mostrou-se uma importante iniciativa de coopera\u00e7\u00e3o entre os munic\u00edpios do extremo sul catarinense, fortalecendo o di\u00e1logo e o interc\u00e2mbio de experi\u00eancias para o desenvolvimento do turismo regional.<\/p>\n\n\n\n<p><em>Fonte: Assessoria de Comunica\u00e7\u00e3o&nbsp;<\/em><\/p>\n","protected":false},"excerpt":{"rendered":"<p>Em uma a\u00e7\u00e3o conjunta de desenvolvimento e integra\u00e7\u00e3o do turismo regional, o Colegiado de Turismo da Associa\u00e7\u00e3o dos Munic\u00edpios do Extremo Sul Catarinense (AMESC) realizou uma visita t\u00e9cnica em Passo de Torres na \u00faltima ter\u00e7a-feira, dia 4 de julho. A a\u00e7\u00e3o foi um convite da Secret\u00e1ria Municipal de Turismo, Rosimeri Martins Mengue. Durante a visita, [&hellip;]<\/p>\n","protected":false},"author":1,"featured_media":348,"comment_status":"open","ping_status":"open","sticky":false,"template":"","format":"standard","meta":{"footnotes":""},"categories":[9,1],"tags":[],"class_list":["post-347","post","type-post","status-publish","format-standard","has-post-thumbnail","hentry","category-turismo","category-tv-ao-vivo"],"_links":{"self":[{"href":"https:\/\/tvsulcatarinense.com.br\/index.php?rest_route=\/wp\/v2\/posts\/347","targetHints":{"allow":["GET"]}}],"collection":[{"href":"https:\/\/tvsulcatarinense.com.br\/index.php?rest_route=\/wp\/v2\/posts"}],"about":[{"href":"https:\/\/tvsulcatarinense.com.br\/index.php?rest_route=\/wp\/v2\/types\/post"}],"author":[{"embeddable":true,"href":"https:\/\/tvsulcatarinense.com.br\/index.php?rest_route=\/wp\/v2\/users\/1"}],"replies":[{"embeddable":true,"href":"https:\/\/tvsulcatarinense.com.br\/index.php?rest_route=%2Fwp%2Fv2%2Fcomments&post=347"}],"version-history":[{"count":1,"href":"https:\/\/tvsulcatarinense.com.br\/index.php?rest_route=\/wp\/v2\/posts\/347\/revisions"}],"predecessor-version":[{"id":349,"href":"https:\/\/tvsulcatarinense.com.br\/index.php?rest_route=\/wp\/v2\/posts\/347\/revisions\/349"}],"wp:featuredmedia":[{"embeddable":true,"href":"https:\/\/tvsulcatarinense.com.br\/index.php?rest_route=\/wp\/v2\/media\/348"}],"wp:attachment":[{"href":"https:\/\/tvsulcatarinense.com.br\/index.php?rest_route=%2Fwp%2Fv2%2Fmedia&parent=347"}],"wp:term":[{"taxonomy":"category","embeddable":true,"href":"https:\/\/tvsulcatarinense.com.br\/index.php?rest_route=%2Fwp%2Fv2%2Fcategories&post=347"},{"taxonomy":"post_tag","embeddable":true,"href":"https:\/\/tvsulcatarinense.com.br\/index.php?rest_route=%2Fwp%2Fv2%2Ftags&post=347"}],"curies":[{"name":"wp","href":"https:\/\/api.w.org\/{rel}","templated":true}]}}