{"id":344,"date":"2024-09-09T19:01:18","date_gmt":"2024-09-09T22:01:18","guid":{"rendered":"https:\/\/tvsulcatarinense.com.br\/?p=344"},"modified":"2024-09-09T19:05:38","modified_gmt":"2024-09-09T22:05:38","slug":"farol-do-morro-dos-conventos-e-patrimonio-historico-artistico-e-cultural-do-municipio-de-ararangua","status":"publish","type":"post","link":"https:\/\/tvsulcatarinense.com.br\/?p=344","title":{"rendered":"Farol do Morro dos Conventos \u00e9 patrim\u00f4nio hist\u00f3rico, art\u00edstico e cultural do Munic\u00edpio de Ararangu\u00e1"},"content":{"rendered":"\n<p><strong>Ararangu\u00e1<\/strong><\/p>\n\n\n\n<p>Desde o dia 28 de mar\u00e7o, o Farol do Morro dos Conventos \u00e9 patrim\u00f4nio hist\u00f3rico, art\u00edstico e cultural do Munic\u00edpio de Ararangu\u00e1. A lei que torna o farol patrim\u00f4nio hist\u00f3rico de Ararangu\u00e1, de autoria do vereador em exerc\u00edcio Evandro da Silva Santana (Podemos), foi sancionada pelo prefeito Cesar Cesa.<\/p>\n\n\n\n<p>\u201cSe observarmos bem, na bandeira do munic\u00edpio, consta o Farol. Ent\u00e3o, ele faz parte da historia da cidade. \u00c9 o ponto tur\u00edstico mais visitado do Morro dos Conventos.<\/p>\n\n\n\n<p>Inclusive pessoas de outras cidades e pa\u00edses v\u00eam at\u00e9 aqui para conhec\u00ea-lo\u201d, comenta Evandro.<\/p>\n\n\n\n<figure class=\"wp-block-image\"><img decoding=\"async\" src=\"https:\/\/idportal.com.br\/wp-content\/uploads\/2018\/08\/20230512-728x90-1.jpg\" alt=\" \" class=\"wp-image-3967\" title=\" \"\/><\/figure>\n\n\n\n<p>Nascido, criado e estabilizado na comunidade, Evandro sabe da import\u00e2ncia do agora patrim\u00f4nio hist\u00f3rico para Ararangu\u00e1 e regi\u00e3o.<\/p>\n\n\n\n<p>A edifica\u00e7\u00e3o \u00e9 um ponto tur\u00edstico de beleza singular, com a fun\u00e7\u00e3o de sinalizar aos pescadores e navegadores sobre os perigos do mar.<\/p>\n\n\n\n<p>\u201cEu moro no Morro com a minha fam\u00edlia, inclusive com meus av\u00f3s, ent\u00e3o sei da import\u00e2ncia do Farol\u201d, pontua Evandro.<\/p>\n\n\n\n<p>Para o vereador em exerc\u00edcio, o curioso \u00e9 que este importante equipamento hist\u00f3rico e tur\u00edstico n\u00e3o tinha sido tombado ainda. \u201cO Farol de Ararangu\u00e1 \u00e9 um ponto tur\u00edstico de beleza singular.<\/p>\n\n\n\n<p>Sinaliza aos pescadores e navegadores, a costa da regi\u00e3o do Morro dos Conventos. Foi constru\u00eddo por Belmiro Dem\u00e9trio Perraro em meados de 1953 e desde ent\u00e3o esteve presente na hist\u00f3ria do munic\u00edpio\u201d, declara.<\/p>\n\n\n\n<p><strong>Munic\u00edpio se torna respons\u00e1vel pela manuten\u00e7\u00e3o<\/strong><\/p>\n\n\n\n<p>Sob a responsabilidade da Marinha do Brasil, por meio da Capitania dos Portos de Laguna, o Farol, ao ser tombado como patrim\u00f4nio de Ararangu\u00e1, se torna tamb\u00e9m de responsabilidade do munic\u00edpio.<\/p>\n\n\n\n<p>Caber\u00e1 \u00e0 Administra\u00e7\u00e3o Municipal cuidar da manuten\u00e7\u00e3o e preserva\u00e7\u00e3o do ponto tur\u00edstico. \u201c\u00c9 uma forma de valorizar o Morro dos Conventos, o que j\u00e1 est\u00e1 acontecendo na atual administra\u00e7\u00e3o.<\/p>\n\n\n\n<p>\u00c9 muito importante tornar o farol um patrim\u00f4nio. A responsabilidade \u00e9 da Marinha do Brasil, mas o cuidado do munic\u00edpio na preserva\u00e7\u00e3o \u00e9 fundamental\u201d, comenta Evandro.<\/p>\n\n\n\n<p>O Farol possui coordenadas geogr\u00e1ficas de uma latitude de 28\u00ba 59\u201d, 07s e longitude de 049\u00ba21\u2019,75W, al\u00e9m de um alcance geogr\u00e1fico de 22 milhas n\u00e1uticas, alcance luminoso de 25 milhas n\u00e1uticas (46 km, mar a dentro), intensidade luminosa de 29.000 candelas, altura de 11 metros e altitude de 85 metros.<\/p>\n\n\n\n<p>\u201cO Farol do Morro dos Conventos \u00e9 um dos pontos tur\u00edsticos mais procurados em nossa cidade e para quem l\u00e1 chega desfruta da vista dos mirantes que facilitam observar o encontro do Rio Ararangu\u00e1 com o mar, \u00e9 poss\u00edvel tamb\u00e9m observar a visita das baleias francas e dos botos \u2013 animais s\u00edmbolos do Munic\u00edpio de Ararangu\u00e1 que costumam aparecer em per\u00edodo de temporada\u201d, acrescenta o vereador.<\/p>\n\n\n\n<p>O projeto de lei foi aprovado no dia 20 de mar\u00e7o, por unanimidade entre os vereadores. \u201cE tive a alegria de receber essa not\u00edcia no dia 2 de abril, um dia antes do anivers\u00e1rio de Ararangu\u00e1, de ter a lei sancionada pelo prefeito Cesar.<\/p>\n\n\n\n<p>Este sinal de aux\u00edlio \u00e0 navega\u00e7\u00e3o mar\u00edtima \u00e9 essencial para a preven\u00e7\u00e3o e seguran\u00e7a.&nbsp;Majestoso e imponente, o farol imp\u00f5e-se do alto do morro com a miss\u00e3o de lan\u00e7ar sua luz e sinais de radar mar adentro, iluminando o caminho de tantos navegadores \u201c, ressalta Evandro.<\/p>\n\n\n\n<p>Na C\u00e2mara de Ararangu\u00e1, Evandro Santana ocupa provisoriamente a cadeira do vereador titular, Luciano Pires.\u201cForam 30 dias como vereador, tenho certeza que entro para a hist\u00f3ria do munic\u00edpio e por ser nascido na regi\u00e3o dos Morros Conventos \u00e9 uma grande satisfa\u00e7\u00e3o poder tornar isso realidade\u201d finaliza o vereador.<\/p>\n\n\n\n<p><em>Fonte: TN Sul<\/em><\/p>\n","protected":false},"excerpt":{"rendered":"<p>Ararangu\u00e1 Desde o dia 28 de mar\u00e7o, o Farol do Morro dos Conventos \u00e9 patrim\u00f4nio hist\u00f3rico, art\u00edstico e cultural do Munic\u00edpio de Ararangu\u00e1. A lei que torna o farol patrim\u00f4nio hist\u00f3rico de Ararangu\u00e1, de autoria do vereador em exerc\u00edcio Evandro da Silva Santana (Podemos), foi sancionada pelo prefeito Cesar Cesa. \u201cSe observarmos bem, na bandeira [&hellip;]<\/p>\n","protected":false},"author":1,"featured_media":345,"comment_status":"open","ping_status":"open","sticky":false,"template":"","format":"standard","meta":{"footnotes":""},"categories":[10,1],"tags":[],"class_list":["post-344","post","type-post","status-publish","format-standard","has-post-thumbnail","hentry","category-colunistas","category-tv-ao-vivo"],"_links":{"self":[{"href":"https:\/\/tvsulcatarinense.com.br\/index.php?rest_route=\/wp\/v2\/posts\/344","targetHints":{"allow":["GET"]}}],"collection":[{"href":"https:\/\/tvsulcatarinense.com.br\/index.php?rest_route=\/wp\/v2\/posts"}],"about":[{"href":"https:\/\/tvsulcatarinense.com.br\/index.php?rest_route=\/wp\/v2\/types\/post"}],"author":[{"embeddable":true,"href":"https:\/\/tvsulcatarinense.com.br\/index.php?rest_route=\/wp\/v2\/users\/1"}],"replies":[{"embeddable":true,"href":"https:\/\/tvsulcatarinense.com.br\/index.php?rest_route=%2Fwp%2Fv2%2Fcomments&post=344"}],"version-history":[{"count":1,"href":"https:\/\/tvsulcatarinense.com.br\/index.php?rest_route=\/wp\/v2\/posts\/344\/revisions"}],"predecessor-version":[{"id":346,"href":"https:\/\/tvsulcatarinense.com.br\/index.php?rest_route=\/wp\/v2\/posts\/344\/revisions\/346"}],"wp:featuredmedia":[{"embeddable":true,"href":"https:\/\/tvsulcatarinense.com.br\/index.php?rest_route=\/wp\/v2\/media\/345"}],"wp:attachment":[{"href":"https:\/\/tvsulcatarinense.com.br\/index.php?rest_route=%2Fwp%2Fv2%2Fmedia&parent=344"}],"wp:term":[{"taxonomy":"category","embeddable":true,"href":"https:\/\/tvsulcatarinense.com.br\/index.php?rest_route=%2Fwp%2Fv2%2Fcategories&post=344"},{"taxonomy":"post_tag","embeddable":true,"href":"https:\/\/tvsulcatarinense.com.br\/index.php?rest_route=%2Fwp%2Fv2%2Ftags&post=344"}],"curies":[{"name":"wp","href":"https:\/\/api.w.org\/{rel}","templated":true}]}}