{"id":341,"date":"2024-09-09T19:00:13","date_gmt":"2024-09-09T22:00:13","guid":{"rendered":"https:\/\/tvsulcatarinense.com.br\/?p=341"},"modified":"2024-09-09T19:05:44","modified_gmt":"2024-09-09T22:05:44","slug":"empresario-jose-eckert-recebe-titulo-de-cidadao-araranguaense","status":"publish","type":"post","link":"https:\/\/tvsulcatarinense.com.br\/?p=341","title":{"rendered":"Empres\u00e1rio, Jos\u00e9 Eckert, recebe t\u00edtulo de cidad\u00e3o araranguaense"},"content":{"rendered":"\n<p>Uma homenagem ao empres\u00e1rio, Jos\u00e9 Luiz Eckert foi prestada pela C\u00e2mara de Vereadores na noite de segunda, 17.<\/p>\n\n\n\n<p>De autoria do vereador, Neno Fontoura, o t\u00edtulo de cidad\u00e3o araranguaense foi concedido a Z\u00e9, como \u00e9 popularmente conhecido.<\/p>\n\n\n\n<p>Para o autor, esta foi uma forma de reconhecer a contribui\u00e7\u00e3o que o empres\u00e1rio deu para a cidade.<\/p>\n\n\n\n<p>\u201cVeio na d\u00e9cada de 1990 para Ararangu\u00e1 e empreendeu em diversos setores.<\/p>\n\n\n\n<figure class=\"wp-block-image\"><img decoding=\"async\" src=\"https:\/\/idportal.com.br\/wp-content\/uploads\/2018\/08\/20230512-728x90-1.jpg\" alt=\" \" class=\"wp-image-3967\" title=\" \"\/><\/figure>\n\n\n\n<p>Atualmente, suas empresas geram 95 empregos diretos, 800 empregos indiretos, 45 servi\u00e7os terceirizados, com uma carga tribut\u00e1ria em torno de R$4.500.000,00 ao ano, al\u00e9m de um faturamento de aproximadamente em R$ 40.000.000,00 ao ano.<\/p>\n\n\n\n<p>Foi assim, com for\u00e7a de vontade, coragem e muito trabalho que hoje, Jos\u00e9 Luiz Eckter, \u00e9 reconhecido por onde passa, por ser um empres\u00e1rio atuante e bem-sucedido, al\u00e9m de colaborado com o nosso desenvolvimento\u201d, defendeu, Neno.<\/p>\n\n\n\n<p>Elogiado pelos demais vereadores que lembraram de hist\u00f3rias de amizades, o empres\u00e1rio agradeceu o t\u00edtulo.<\/p>\n\n\n\n<figure class=\"wp-block-image\"><img decoding=\"async\" src=\"https:\/\/idportal.com.br\/wp-content\/uploads\/2024\/06\/WhatsApp-Image-2024-06-18-at-18.53.56-768x1024.jpeg\" alt=\"\" class=\"wp-image-13170\"\/><\/figure>\n\n\n\n<p>\u201cMe sinto muito feliz e lisonjeado com a homenagem.<\/p>\n\n\n\n<p>Meus filhos aqui cresceram e \u00e9 esta terra que escolhi viver pela qualidade de vida\u201d, disse, Eckert.<\/p>\n\n\n\n<p>Conhe\u00e7a a hist\u00f3ria do empres\u00e1rio:<\/p>\n\n\n\n<p>\u201cJos\u00e9 Luiz Eckert nasceu em 01 de abril de 1962, na cidade de Tr\u00eas de Maio, (RS) de fam\u00edlia alem\u00e3. \u00c9 filho de Mario Jos\u00e9 Eckert e Cacilda Maria Weber Eckert, de uma fam\u00edlia de cinco irm\u00e3os, sendo eles, Jorge, Tereza, Elaine, Neiva e Janete.<\/p>\n\n\n\n<p>Casou-se com Eloana Casagrande, pai de cinco filhos, Gabriela Carvalho Eckert, Jos\u00e9 Luiz Eckter Filho, Fernanda Carvalho Eckert, Sara Eckert, Vitor Maciel Eckert e Naya.<\/p>\n\n\n\n<p>Na cidade natal, come\u00e7ou a trabalhar desde novo, com sua fam\u00edlia na agricultura e agroneg\u00f3cio, at\u00e9 aos seus 15 anos de idade, ou seja, at\u00e9 o ano de 1977.<\/p>\n\n\n\n<p>Dos 15 aos 18 anos, foi trabalhar em um frigor\u00edfico em Viam\u00e3o (RS), at\u00e9 no ano de 1980, depois dos 18 aos 20 anos foi trabalhar com vendas de cons\u00f3rcio na cidade de Porto Alegre (RS), at\u00e9 no ano de 1982.<\/p>\n\n\n\n<p>Logo ap\u00f3s seus 20 aos 22 anos trabalhou como vendedor de carros, na empresa Lucimar ve\u00edculos na cidade de Os\u00f3rio (RS), isso j\u00e1 no ano de 1984. J\u00e1 no come\u00e7o do ano de 1985 com 23 anos trabalhou na r\u00e1dio Tramandai.<\/p>\n\n\n\n<p>Como foi sempre um trabalhador nato e com esp\u00edrito empresarial, come\u00e7ou com sua primeira empresa, ainda com 23 anos de idade na cidade de Os\u00f3rio (RS), denominada Rey das Surdinas, depois com 25 anos de idade no ano de 1987 na mesma cidade, botou sua segunda empresa uma loja de ve\u00edculos.<\/p>\n\n\n\n<p>Dois anos depois em 1989 botou sua terceira empresa, Rey dos Parafusos.<\/p>\n\n\n\n<figure class=\"wp-block-image\"><img decoding=\"async\" src=\"https:\/\/idportal.com.br\/wp-content\/uploads\/2024\/06\/WhatsApp-Image-2024-06-18-at-18.53.56-1-1-768x1024.jpeg\" alt=\"\" class=\"wp-image-13172\"\/><\/figure>\n\n\n\n<p>Depois de tr\u00eas anos, em 1992, com 30 anos de idade escolheu Ararangu\u00e1 para investir seus seguimentos, onde fez uma filial da empresa Rey das Surdinas, no ano seguinte em 1993 investiu na \u00e1rea de alimenta\u00e7\u00e3o, tendo um restaurante localizado no Center F\u00e1bricas.<\/p>\n\n\n\n<p>Cinco anos depois em 1998, com 36 anos de idade botou sua sexta empresa a Jazida Eckert Ltda.<\/p>\n\n\n\n<p>Sua s\u00e9tima empresa foi em 2009 aos 47 anos de idade a minera\u00e7\u00e3o Vale do Urussanga. Sua oitava empresa foi a construtora Eckert Ltda, no ano de 2015 com 53 anos de idade.<\/p>\n\n\n\n<p>Para fechar seu ciclo empresarial montou sua nona empresa, no ano de 2020, com 58 anos de idade a Agro Eckert\u201d.<\/p>\n\n\n\n<p><em>Fonte: Assessoria de Comunica\u00e7\u00e3o<\/em><\/p>\n","protected":false},"excerpt":{"rendered":"<p>Uma homenagem ao empres\u00e1rio, Jos\u00e9 Luiz Eckert foi prestada pela C\u00e2mara de Vereadores na noite de segunda, 17. De autoria do vereador, Neno Fontoura, o t\u00edtulo de cidad\u00e3o araranguaense foi concedido a Z\u00e9, como \u00e9 popularmente conhecido. Para o autor, esta foi uma forma de reconhecer a contribui\u00e7\u00e3o que o empres\u00e1rio deu para a cidade. [&hellip;]<\/p>\n","protected":false},"author":1,"featured_media":342,"comment_status":"open","ping_status":"open","sticky":false,"template":"","format":"standard","meta":{"footnotes":""},"categories":[10,1],"tags":[],"class_list":["post-341","post","type-post","status-publish","format-standard","has-post-thumbnail","hentry","category-colunistas","category-tv-ao-vivo"],"_links":{"self":[{"href":"https:\/\/tvsulcatarinense.com.br\/index.php?rest_route=\/wp\/v2\/posts\/341","targetHints":{"allow":["GET"]}}],"collection":[{"href":"https:\/\/tvsulcatarinense.com.br\/index.php?rest_route=\/wp\/v2\/posts"}],"about":[{"href":"https:\/\/tvsulcatarinense.com.br\/index.php?rest_route=\/wp\/v2\/types\/post"}],"author":[{"embeddable":true,"href":"https:\/\/tvsulcatarinense.com.br\/index.php?rest_route=\/wp\/v2\/users\/1"}],"replies":[{"embeddable":true,"href":"https:\/\/tvsulcatarinense.com.br\/index.php?rest_route=%2Fwp%2Fv2%2Fcomments&post=341"}],"version-history":[{"count":1,"href":"https:\/\/tvsulcatarinense.com.br\/index.php?rest_route=\/wp\/v2\/posts\/341\/revisions"}],"predecessor-version":[{"id":343,"href":"https:\/\/tvsulcatarinense.com.br\/index.php?rest_route=\/wp\/v2\/posts\/341\/revisions\/343"}],"wp:featuredmedia":[{"embeddable":true,"href":"https:\/\/tvsulcatarinense.com.br\/index.php?rest_route=\/wp\/v2\/media\/342"}],"wp:attachment":[{"href":"https:\/\/tvsulcatarinense.com.br\/index.php?rest_route=%2Fwp%2Fv2%2Fmedia&parent=341"}],"wp:term":[{"taxonomy":"category","embeddable":true,"href":"https:\/\/tvsulcatarinense.com.br\/index.php?rest_route=%2Fwp%2Fv2%2Fcategories&post=341"},{"taxonomy":"post_tag","embeddable":true,"href":"https:\/\/tvsulcatarinense.com.br\/index.php?rest_route=%2Fwp%2Fv2%2Ftags&post=341"}],"curies":[{"name":"wp","href":"https:\/\/api.w.org\/{rel}","templated":true}]}}