{"id":338,"date":"2024-09-09T18:58:41","date_gmt":"2024-09-09T21:58:41","guid":{"rendered":"https:\/\/tvsulcatarinense.com.br\/?p=338"},"modified":"2024-09-09T18:58:41","modified_gmt":"2024-09-09T21:58:41","slug":"prefeitura-de-turvo-celebra-75-anos-do-municipio-em-grande-estilo","status":"publish","type":"post","link":"https:\/\/tvsulcatarinense.com.br\/?p=338","title":{"rendered":"Prefeitura de Turvo celebra 75 anos do munic\u00edpio em grande estilo"},"content":{"rendered":"\n<p>Nesta quarta-feira, 20 de mar\u00e7o, a Prefeitura de Turvo celebrou o anivers\u00e1rio de 75 anos do munic\u00edpio. O dia foi repleto de atividades diversas que envolveram toda a comunidade local e visitantes.&nbsp;<\/p>\n\n\n\n<figure class=\"wp-block-image\"><img decoding=\"async\" src=\"https:\/\/uaaau.com.br\/uploads\/blog_22550\/1711109688_whatsapp_image_2024-03-21_at_19.34.46.jpeg\" alt=\"\"\/><\/figure>\n\n\n\n<p>A festividade iniciou pela manh\u00e3 com a realiza\u00e7\u00e3o de uma corrida r\u00fastica, que contou com a participa\u00e7\u00e3o de mais de 140 atletas de todas as idades. Durante a tarde, momentos de reflex\u00e3o e espiritualidade marcaram as atividades, al\u00e9m disso, durante o dia a festividade contou com brinquedos para crian\u00e7as e com a presen\u00e7a da Feira da Agricultura e do Artesanato e de clubes de servi\u00e7os.&nbsp;<\/p>\n\n\n\n<p>J\u00e1 a noite, o palco foi tomado por apresenta\u00e7\u00f5es culturais e por shows regionais, entre eles, Sanfoneiros do Sul e Gui Berto e para encerrar a noite em grande estilo a dupla L\u00e9o e Raphael \u2013 Os Meninos da Pecu\u00e1ria animaram a festa. Segundo a organiza\u00e7\u00e3o, ao longo do dia, mais de cinco mil pessoas passaram pelo evento.<\/p>\n\n\n\n<figure class=\"wp-block-image\"><img decoding=\"async\" src=\"https:\/\/uaaau.com.br\/uploads\/blog_22550\/1711109689_whatsapp_image_2024-03-21_at_19.34.47.jpeg\" alt=\"\"\/><\/figure>\n\n\n\n<p>O prefeito de Turvo, Sandro Cirimbelli (Progressistas), expressou sua gratid\u00e3o a todos que colaboraram para o sucesso do evento e reafirmou o compromisso da administra\u00e7\u00e3o com os mun\u00edcipes. \u201cTemos muito o que comemorar e relembrar o empenho de nossos antepassados no fortalecimento do munic\u00edpio. Vamos continuar trabalhando pelo desenvolvimento e bem-estar de todos os cidad\u00e3os\u201d, disse.<\/p>\n","protected":false},"excerpt":{"rendered":"<p>Nesta quarta-feira, 20 de mar\u00e7o, a Prefeitura de Turvo celebrou o anivers\u00e1rio de 75 anos do munic\u00edpio. O dia foi repleto de atividades diversas que envolveram toda a comunidade local e visitantes.&nbsp; A festividade iniciou pela manh\u00e3 com a realiza\u00e7\u00e3o de uma corrida r\u00fastica, que contou com a participa\u00e7\u00e3o de mais de 140 atletas de [&hellip;]<\/p>\n","protected":false},"author":1,"featured_media":339,"comment_status":"open","ping_status":"open","sticky":false,"template":"","format":"standard","meta":{"footnotes":""},"categories":[12],"tags":[],"class_list":["post-338","post","type-post","status-publish","format-standard","has-post-thumbnail","hentry","category-variedades"],"_links":{"self":[{"href":"https:\/\/tvsulcatarinense.com.br\/index.php?rest_route=\/wp\/v2\/posts\/338","targetHints":{"allow":["GET"]}}],"collection":[{"href":"https:\/\/tvsulcatarinense.com.br\/index.php?rest_route=\/wp\/v2\/posts"}],"about":[{"href":"https:\/\/tvsulcatarinense.com.br\/index.php?rest_route=\/wp\/v2\/types\/post"}],"author":[{"embeddable":true,"href":"https:\/\/tvsulcatarinense.com.br\/index.php?rest_route=\/wp\/v2\/users\/1"}],"replies":[{"embeddable":true,"href":"https:\/\/tvsulcatarinense.com.br\/index.php?rest_route=%2Fwp%2Fv2%2Fcomments&post=338"}],"version-history":[{"count":1,"href":"https:\/\/tvsulcatarinense.com.br\/index.php?rest_route=\/wp\/v2\/posts\/338\/revisions"}],"predecessor-version":[{"id":340,"href":"https:\/\/tvsulcatarinense.com.br\/index.php?rest_route=\/wp\/v2\/posts\/338\/revisions\/340"}],"wp:featuredmedia":[{"embeddable":true,"href":"https:\/\/tvsulcatarinense.com.br\/index.php?rest_route=\/wp\/v2\/media\/339"}],"wp:attachment":[{"href":"https:\/\/tvsulcatarinense.com.br\/index.php?rest_route=%2Fwp%2Fv2%2Fmedia&parent=338"}],"wp:term":[{"taxonomy":"category","embeddable":true,"href":"https:\/\/tvsulcatarinense.com.br\/index.php?rest_route=%2Fwp%2Fv2%2Fcategories&post=338"},{"taxonomy":"post_tag","embeddable":true,"href":"https:\/\/tvsulcatarinense.com.br\/index.php?rest_route=%2Fwp%2Fv2%2Ftags&post=338"}],"curies":[{"name":"wp","href":"https:\/\/api.w.org\/{rel}","templated":true}]}}