{"id":331,"date":"2024-09-09T18:55:56","date_gmt":"2024-09-09T21:55:56","guid":{"rendered":"https:\/\/tvsulcatarinense.com.br\/?p=331"},"modified":"2024-09-09T18:55:56","modified_gmt":"2024-09-09T21:55:56","slug":"inicia-a-campanha-de-vacinacao-contra-a-gripe-em-balneario-arroio-do-silva","status":"publish","type":"post","link":"https:\/\/tvsulcatarinense.com.br\/?p=331","title":{"rendered":"Inicia a Campanha de Vacina\u00e7\u00e3o contra a gripe em Balne\u00e1rio Arroio do Silva"},"content":{"rendered":"\n<p><em>Grupos priorit\u00e1rios podem procurar a unidade de sa\u00fade mais pr\u00f3xima para receber a imuniza\u00e7\u00e3o.<\/em><\/p>\n\n\n\n<p>Iniciou nesta segunda-feira (25) em todas as unidades b\u00e1sicas de sa\u00fade de Balne\u00e1rio Arroio do Silva a Campanha de Vacina\u00e7\u00e3o contra a gripe. Realizada todos os anos, a campanha de vacina\u00e7\u00e3o \u00e9 importante para prevenir casos graves, especialmente na popula\u00e7\u00e3o mais vulner\u00e1vel, que \u00e9 aquela prevista nos grupos priorit\u00e1rios como crian\u00e7as at\u00e9 5 anos de idade, idosos, gestantes, pessoas com comorbidades\/defici\u00eancias entre outras.<\/p>\n\n\n\n<p>\u00c9 necess\u00e1rio comparecer no posto de sa\u00fade com documento de identidade e caderneta de vacina\u00e7\u00e3o.<\/p>\n\n\n\n<p><strong>Quem pode receber a vacina?<\/strong><\/p>\n\n\n\n<figure class=\"wp-block-image\"><img decoding=\"async\" src=\"https:\/\/idportal.com.br\/wp-content\/uploads\/2018\/08\/20230512-728x90-1.jpg\" alt=\" \" class=\"wp-image-3967\" title=\" \"\/><\/figure>\n\n\n\n<p><strong>Fazem parte dos grupos priorit\u00e1rios:<\/strong><\/p>\n\n\n\n<p>\u2013 Trabalhador da sa\u00fade<br>\u2013 Crian\u00e7as de 6 meses a menores de 6 anos de idade (5 anos, 11 meses e 29 dias)<br>\u2013 Gestantes<br>\u2013 Pu\u00e9rperas<br>\u2013 Professores do ensino b\u00e1sico e superior<br>\u2013 Povos ind\u00edgenas<br>\u2013 Idosos com 60 anos ou mais de idade<br>\u2013 Quilombola<br>\u2013 Pessoas em situa\u00e7\u00e3o de rua<br>\u2013 Profissionais das for\u00e7as de seguran\u00e7a e salvamento<br>\u2013 Profissionais das For\u00e7as Armadas<br>\u2013 Pessoas com doen\u00e7as cr\u00f4nicas n\u00e3o transmiss\u00edveis e outras condi\u00e7\u00f5es cl\u00ednicas especiais<br>independentemente da idade<br>\u2013 Pessoas com defici\u00eancia permanente<br>\u2013 Caminhoneiros<br>\u2013 Trabalhadores de transporte coletivo rodovi\u00e1rio para passageiros urbanos e de longo curso<br>\u2013 Trabalhadores portu\u00e1rios<br>\u2013 Popula\u00e7\u00e3o privada de liberdade e funcion\u00e1rios do sistema de priva\u00e7\u00e3o de liberdade, adolescentes e jovens de 12 a 21 anos de idade sob medidas socioeducativas<\/p>\n\n\n\n<p><em>Fonte: Assessoria de Comunica\u00e7\u00e3o \u2013 Prefeitura de Balne\u00e1rio Arroio do Silva<\/em><\/p>\n","protected":false},"excerpt":{"rendered":"<p>Grupos priorit\u00e1rios podem procurar a unidade de sa\u00fade mais pr\u00f3xima para receber a imuniza\u00e7\u00e3o. Iniciou nesta segunda-feira (25) em todas as unidades b\u00e1sicas de sa\u00fade de Balne\u00e1rio Arroio do Silva a Campanha de Vacina\u00e7\u00e3o contra a gripe. Realizada todos os anos, a campanha de vacina\u00e7\u00e3o \u00e9 importante para prevenir casos graves, especialmente na popula\u00e7\u00e3o mais [&hellip;]<\/p>\n","protected":false},"author":1,"featured_media":332,"comment_status":"open","ping_status":"open","sticky":false,"template":"","format":"standard","meta":{"footnotes":""},"categories":[7],"tags":[],"class_list":["post-331","post","type-post","status-publish","format-standard","has-post-thumbnail","hentry","category-saude"],"_links":{"self":[{"href":"https:\/\/tvsulcatarinense.com.br\/index.php?rest_route=\/wp\/v2\/posts\/331","targetHints":{"allow":["GET"]}}],"collection":[{"href":"https:\/\/tvsulcatarinense.com.br\/index.php?rest_route=\/wp\/v2\/posts"}],"about":[{"href":"https:\/\/tvsulcatarinense.com.br\/index.php?rest_route=\/wp\/v2\/types\/post"}],"author":[{"embeddable":true,"href":"https:\/\/tvsulcatarinense.com.br\/index.php?rest_route=\/wp\/v2\/users\/1"}],"replies":[{"embeddable":true,"href":"https:\/\/tvsulcatarinense.com.br\/index.php?rest_route=%2Fwp%2Fv2%2Fcomments&post=331"}],"version-history":[{"count":1,"href":"https:\/\/tvsulcatarinense.com.br\/index.php?rest_route=\/wp\/v2\/posts\/331\/revisions"}],"predecessor-version":[{"id":333,"href":"https:\/\/tvsulcatarinense.com.br\/index.php?rest_route=\/wp\/v2\/posts\/331\/revisions\/333"}],"wp:featuredmedia":[{"embeddable":true,"href":"https:\/\/tvsulcatarinense.com.br\/index.php?rest_route=\/wp\/v2\/media\/332"}],"wp:attachment":[{"href":"https:\/\/tvsulcatarinense.com.br\/index.php?rest_route=%2Fwp%2Fv2%2Fmedia&parent=331"}],"wp:term":[{"taxonomy":"category","embeddable":true,"href":"https:\/\/tvsulcatarinense.com.br\/index.php?rest_route=%2Fwp%2Fv2%2Fcategories&post=331"},{"taxonomy":"post_tag","embeddable":true,"href":"https:\/\/tvsulcatarinense.com.br\/index.php?rest_route=%2Fwp%2Fv2%2Ftags&post=331"}],"curies":[{"name":"wp","href":"https:\/\/api.w.org\/{rel}","templated":true}]}}