{"id":322,"date":"2024-09-09T18:52:36","date_gmt":"2024-09-09T21:52:36","guid":{"rendered":"https:\/\/tvsulcatarinense.com.br\/?p=322"},"modified":"2024-09-09T19:06:43","modified_gmt":"2024-09-09T22:06:43","slug":"inaugurada-a-reforma-e-ampliacao-do-destacamento-da-pm-de-balneario-arroio-do-silva","status":"publish","type":"post","link":"https:\/\/tvsulcatarinense.com.br\/?p=322","title":{"rendered":"Inaugurada a reforma e amplia\u00e7\u00e3o do Destacamento da PM de Balne\u00e1rio Arroio do Silva"},"content":{"rendered":"\n<p><em>Solenidade contou tamb\u00e9m com troca de comando.<\/em><\/p>\n\n\n\n<p>Na tarde de sexta-feira (22) foi realizada a inaugura\u00e7\u00e3o da reforma e amplia\u00e7\u00e3o do Destacamento da Pol\u00edcia Militar de Balne\u00e1rio Arroio do Silva. A obra foi realizada com recurso municipal e emenda parlamentar. Com a melhoria, o espa\u00e7o constru\u00eddo de 150m\u00b2 passou para 290m\u00b2. \u201cUma importante conquista que garante melhores condi\u00e7\u00f5es para o efetivo militar continuar desempenhando o trabalho com excel\u00eancia\u201d, destacou o prefeito Evandro Scaini. A reforma e amplia\u00e7\u00e3o foi projetada voluntariamente pelo arquiteto Thiago Dias.<\/p>\n\n\n\n<figure class=\"wp-block-image\"><img decoding=\"async\" src=\"https:\/\/uaaau.com.br\/uploads\/blog_22572\/1711376443_whatsapp_image_2024-03-25_at_11.17.46.jpeg\" alt=\"\"\/><\/figure>\n\n\n\n<p>Durante a solenidade, o 2\u00ba Sargento Plinio R\u00e9us da Rocha passou o comando do grupo de Pol\u00edcia Militar para o 3\u00ba Sargento Dilnei Machado Vieira, que passa a comandar a unidade. Na ocasi\u00e3o, o Subtenente da Reserva Remunerada, Ademir Soares, foi agraciado com a moeda do 19\u00ba Batalh\u00e3o de Pol\u00edcia Militar, como forma de reconhecimento ao trabalho realizado como comandante no Destacamento do Munic\u00edpio, entre os anos 2000 a 2013. Por fim, o Sargento R\u00e9us assinou a sua transfer\u00eancia para a reserva Remunerada, ap\u00f3s mais de 28 anos de efetivo servi\u00e7o na PMSC.<\/p>\n\n\n\n<p>\u201cAgradecemos ao sargento R\u00e9us pelo trabalho realizado \u00e0 frente do comando; e desejamos boas-vindas ao sargento Dilnei no novo desafio. O trabalho em parceria com a PM continua, assim como continuamos tamb\u00e9m buscando mais conquistas e, principalmente, mais efetivo para a PM do munic\u00edpio. O trabalho \u00e9 constante\u201d, completou Scaini.<\/p>\n\n\n\n<figure class=\"wp-block-image\"><img decoding=\"async\" src=\"https:\/\/idportal.com.br\/wp-content\/uploads\/2018\/08\/20230512-728x90-1.jpg\" alt=\" \" class=\"wp-image-3967\" title=\" \"\/><\/figure>\n\n\n\n<figure class=\"wp-block-image\"><img decoding=\"async\" src=\"https:\/\/uaaau.com.br\/uploads\/blog_22572\/1711376443_whatsapp_image_2024-03-25_at_11.17.47.jpeg\" alt=\"\"\/><\/figure>\n\n\n\n<p>Estiveram presentes na solenidade, o comandante do 6\u00baComando Regional de Pol\u00edcia Militar, Vilson Schlickmann Sperfeld, o comandante do 19\u00baBPM, tenente-coronel Marcelo Bertoncini Zanette, o presidente da c\u00e2mara de vereadores Elvio Zoche, demais autoridades civis e militares.<\/p>\n\n\n\n<p><em>Fonte: Assessoria de Comunica\u00e7\u00e3o \u2013 Prefeitura de Balne\u00e1rio Arroio do Silva<\/em><\/p>\n","protected":false},"excerpt":{"rendered":"<p>Solenidade contou tamb\u00e9m com troca de comando. Na tarde de sexta-feira (22) foi realizada a inaugura\u00e7\u00e3o da reforma e amplia\u00e7\u00e3o do Destacamento da Pol\u00edcia Militar de Balne\u00e1rio Arroio do Silva. A obra foi realizada com recurso municipal e emenda parlamentar. Com a melhoria, o espa\u00e7o constru\u00eddo de 150m\u00b2 passou para 290m\u00b2. \u201cUma importante conquista que [&hellip;]<\/p>\n","protected":false},"author":1,"featured_media":323,"comment_status":"open","ping_status":"open","sticky":false,"template":"","format":"standard","meta":{"footnotes":""},"categories":[11,5],"tags":[],"class_list":["post-322","post","type-post","status-publish","format-standard","has-post-thumbnail","hentry","category-negocios-e-empreendedorismo","category-seguranca"],"_links":{"self":[{"href":"https:\/\/tvsulcatarinense.com.br\/index.php?rest_route=\/wp\/v2\/posts\/322","targetHints":{"allow":["GET"]}}],"collection":[{"href":"https:\/\/tvsulcatarinense.com.br\/index.php?rest_route=\/wp\/v2\/posts"}],"about":[{"href":"https:\/\/tvsulcatarinense.com.br\/index.php?rest_route=\/wp\/v2\/types\/post"}],"author":[{"embeddable":true,"href":"https:\/\/tvsulcatarinense.com.br\/index.php?rest_route=\/wp\/v2\/users\/1"}],"replies":[{"embeddable":true,"href":"https:\/\/tvsulcatarinense.com.br\/index.php?rest_route=%2Fwp%2Fv2%2Fcomments&post=322"}],"version-history":[{"count":1,"href":"https:\/\/tvsulcatarinense.com.br\/index.php?rest_route=\/wp\/v2\/posts\/322\/revisions"}],"predecessor-version":[{"id":324,"href":"https:\/\/tvsulcatarinense.com.br\/index.php?rest_route=\/wp\/v2\/posts\/322\/revisions\/324"}],"wp:featuredmedia":[{"embeddable":true,"href":"https:\/\/tvsulcatarinense.com.br\/index.php?rest_route=\/wp\/v2\/media\/323"}],"wp:attachment":[{"href":"https:\/\/tvsulcatarinense.com.br\/index.php?rest_route=%2Fwp%2Fv2%2Fmedia&parent=322"}],"wp:term":[{"taxonomy":"category","embeddable":true,"href":"https:\/\/tvsulcatarinense.com.br\/index.php?rest_route=%2Fwp%2Fv2%2Fcategories&post=322"},{"taxonomy":"post_tag","embeddable":true,"href":"https:\/\/tvsulcatarinense.com.br\/index.php?rest_route=%2Fwp%2Fv2%2Ftags&post=322"}],"curies":[{"name":"wp","href":"https:\/\/api.w.org\/{rel}","templated":true}]}}