{"id":319,"date":"2024-09-09T18:49:44","date_gmt":"2024-09-09T21:49:44","guid":{"rendered":"https:\/\/tvsulcatarinense.com.br\/?p=319"},"modified":"2024-09-09T19:06:36","modified_gmt":"2024-09-09T22:06:36","slug":"gislaine-e-jeriel-enfatizam-a-importancia-da-participacao-cidada-no-plano-de-governo","status":"publish","type":"post","link":"https:\/\/tvsulcatarinense.com.br\/?p=319","title":{"rendered":"Gislaine e Jeriel enfatizam a import\u00e2ncia da participa\u00e7\u00e3o cidad\u00e3 no plano de governo"},"content":{"rendered":"\n<p>Gislaine Cunha e Jeriel Isoppo, candidatos \u00e0 prefeita e vice-prefeito pela coliga\u00e7\u00e3o \u201cPara Sombrio Continuar Crescendo\u201d, revelaram seu Plano de Governo para a pr\u00f3xima gest\u00e3o.<\/p>\n\n\n\n<p>Durante o atual mandato, Gislaine e Jeriel destacam o crescimento e as melhorias que a cidade experimentou, mas afirmam que ainda h\u00e1 muito a ser feito.<\/p>\n\n\n\n<p>\u201cNosso compromisso \u00e9 seguir ouvindo a popula\u00e7\u00e3o e trazendo solu\u00e7\u00f5es reais para cada desafio que enfrentamos\u201d, destacou Gislaine durante o an\u00fancio.<\/p>\n\n\n\n<p>O novo Plano de Governo \u00e9 descrito como um reflexo da experi\u00eancia acumulada e das sugest\u00f5es dos cidad\u00e3os.<\/p>\n\n\n\n<figure class=\"wp-block-image\"><img decoding=\"async\" src=\"https:\/\/idportal.com.br\/wp-content\/uploads\/2018\/08\/20230512-728x90-1.jpg\" alt=\" \" class=\"wp-image-3967\" title=\" \"\/><\/figure>\n\n\n\n<p>\u201cNossa proposta \u00e9 um esfor\u00e7o cont\u00ednuo para garantir que Sombrio n\u00e3o apenas mantenha seu ritmo de crescimento, mas avance de forma sustent\u00e1vel e inclusiva\u201d, afirmou Jeriel.<\/p>\n\n\n\n<p>Gislaine e Jeriel tamb\u00e9m enfatizam a import\u00e2ncia da participa\u00e7\u00e3o cidad\u00e3 na formula\u00e7\u00e3o e na execu\u00e7\u00e3o das pol\u00edticas.<\/p>\n\n\n\n<p>\u201cEstamos abertos a ouvir as sugest\u00f5es de todos os cidad\u00e3os para que nossas a\u00e7\u00f5es atendam \u00e0s reais necessidades da popula\u00e7\u00e3o\u201d, disseram.<\/p>\n","protected":false},"excerpt":{"rendered":"<p>Gislaine Cunha e Jeriel Isoppo, candidatos \u00e0 prefeita e vice-prefeito pela coliga\u00e7\u00e3o \u201cPara Sombrio Continuar Crescendo\u201d, revelaram seu Plano de Governo para a pr\u00f3xima gest\u00e3o. Durante o atual mandato, Gislaine e Jeriel destacam o crescimento e as melhorias que a cidade experimentou, mas afirmam que ainda h\u00e1 muito a ser feito. \u201cNosso compromisso \u00e9 seguir [&hellip;]<\/p>\n","protected":false},"author":1,"featured_media":320,"comment_status":"open","ping_status":"open","sticky":false,"template":"","format":"standard","meta":{"footnotes":""},"categories":[11,6],"tags":[],"class_list":["post-319","post","type-post","status-publish","format-standard","has-post-thumbnail","hentry","category-negocios-e-empreendedorismo","category-politica"],"_links":{"self":[{"href":"https:\/\/tvsulcatarinense.com.br\/index.php?rest_route=\/wp\/v2\/posts\/319","targetHints":{"allow":["GET"]}}],"collection":[{"href":"https:\/\/tvsulcatarinense.com.br\/index.php?rest_route=\/wp\/v2\/posts"}],"about":[{"href":"https:\/\/tvsulcatarinense.com.br\/index.php?rest_route=\/wp\/v2\/types\/post"}],"author":[{"embeddable":true,"href":"https:\/\/tvsulcatarinense.com.br\/index.php?rest_route=\/wp\/v2\/users\/1"}],"replies":[{"embeddable":true,"href":"https:\/\/tvsulcatarinense.com.br\/index.php?rest_route=%2Fwp%2Fv2%2Fcomments&post=319"}],"version-history":[{"count":1,"href":"https:\/\/tvsulcatarinense.com.br\/index.php?rest_route=\/wp\/v2\/posts\/319\/revisions"}],"predecessor-version":[{"id":321,"href":"https:\/\/tvsulcatarinense.com.br\/index.php?rest_route=\/wp\/v2\/posts\/319\/revisions\/321"}],"wp:featuredmedia":[{"embeddable":true,"href":"https:\/\/tvsulcatarinense.com.br\/index.php?rest_route=\/wp\/v2\/media\/320"}],"wp:attachment":[{"href":"https:\/\/tvsulcatarinense.com.br\/index.php?rest_route=%2Fwp%2Fv2%2Fmedia&parent=319"}],"wp:term":[{"taxonomy":"category","embeddable":true,"href":"https:\/\/tvsulcatarinense.com.br\/index.php?rest_route=%2Fwp%2Fv2%2Fcategories&post=319"},{"taxonomy":"post_tag","embeddable":true,"href":"https:\/\/tvsulcatarinense.com.br\/index.php?rest_route=%2Fwp%2Fv2%2Ftags&post=319"}],"curies":[{"name":"wp","href":"https:\/\/api.w.org\/{rel}","templated":true}]}}