{"id":2308,"date":"2026-09-04T11:01:54","date_gmt":"2026-09-04T14:01:54","guid":{"rendered":"https:\/\/tvsulcatarinense.com.br\/?p=2308"},"modified":"2026-09-04T11:01:54","modified_gmt":"2026-09-04T14:01:54","slug":"descubra-o-extremo-sul-inicia-jornada-por-historias-e-tradicoes-de-santa-rosa","status":"publish","type":"post","link":"https:\/\/tvsulcatarinense.com.br\/?p=2308","title":{"rendered":"Descubra o Extremo Sul inicia jornada por hist\u00f3rias e tradi\u00e7\u00f5es de Santa Rosa"},"content":{"rendered":"\n<p class=\"wp-block-paragraph\">A primeira grava\u00e7\u00e3o da s\u00e9rie Descubra o Extremo Sul, produzida pela Performance Comunica\u00e7\u00e3o para a TV Sul, afiliada da TV Brasil, foi realizada nesta quarta-feira (2), no munic\u00edpio de Santa Rosa. O projeto tem como proposta apresentar ao p\u00fablico as hist\u00f3rias, personagens, culturas, tradi\u00e7\u00f5es e belezas que fazem parte da identidade do Extremo Sul catarinense.<\/p>\n\n\n\n<p class=\"wp-block-paragraph\">Para marcar o in\u00edcio da s\u00e9rie, a equipe da Performance Comunica\u00e7\u00e3o esteve com a fam\u00edlia Machado, conhecida pela produ\u00e7\u00e3o da tradicional rosca de polvilho. Em uma regi\u00e3o reconhecida pela produ\u00e7\u00e3o de polvilho, a atividade representa n\u00e3o apenas uma tradi\u00e7\u00e3o gastron\u00f4mica, mas tamb\u00e9m uma hist\u00f3ria constru\u00edda ao longo de gera\u00e7\u00f5es.<\/p>\n\n\n\n<p class=\"wp-block-paragraph\">Durante a grava\u00e7\u00e3o, a equipe acompanhou o processo de produ\u00e7\u00e3o da rosca de polvilho e conheceu de perto a trajet\u00f3ria da fam\u00edlia, registrando os detalhes de uma tradi\u00e7\u00e3o que permanece viva e faz parte da cultura local.<\/p>\n\n\n\n<p class=\"wp-block-paragraph\">Ao longo das pr\u00f3ximas grava\u00e7\u00f5es, a produ\u00e7\u00e3o ir\u00e1 percorrer diferentes munic\u00edpios, revelando personagens, lugares, sabores, costumes e iniciativas que ajudam a contar a hist\u00f3ria do Extremo Sul.<\/p>\n\n\n\n<p class=\"wp-block-paragraph\">O projeto busca valorizar a identidade regional e mostrar, por meio de hist\u00f3rias reais, a diversidade e as riquezas que existem no territ\u00f3rio.<\/p>\n\n\n\n<figure class=\"wp-block-image size-large\"><img fetchpriority=\"high\" decoding=\"async\" width=\"1024\" height=\"768\" src=\"https:\/\/tvsulcatarinense.com.br\/wp-content\/uploads\/2026\/09\/WhatsApp-Image-2026-09-03-at-19.27.53-1-1024x768.jpeg\" alt=\"\" class=\"wp-image-2310\" srcset=\"https:\/\/tvsulcatarinense.com.br\/wp-content\/uploads\/2026\/09\/WhatsApp-Image-2026-09-03-at-19.27.53-1-1024x768.jpeg 1024w, https:\/\/tvsulcatarinense.com.br\/wp-content\/uploads\/2026\/09\/WhatsApp-Image-2026-09-03-at-19.27.53-1-300x225.jpeg 300w, https:\/\/tvsulcatarinense.com.br\/wp-content\/uploads\/2026\/09\/WhatsApp-Image-2026-09-03-at-19.27.53-1-768x576.jpeg 768w, https:\/\/tvsulcatarinense.com.br\/wp-content\/uploads\/2026\/09\/WhatsApp-Image-2026-09-03-at-19.27.53-1-1536x1152.jpeg 1536w, https:\/\/tvsulcatarinense.com.br\/wp-content\/uploads\/2026\/09\/WhatsApp-Image-2026-09-03-at-19.27.53-1.jpeg 1600w\" sizes=\"(max-width: 1024px) 100vw, 1024px\" \/><\/figure>\n","protected":false},"excerpt":{"rendered":"<p>A primeira grava\u00e7\u00e3o da s\u00e9rie Descubra o Extremo Sul, produzida pela Performance Comunica\u00e7\u00e3o para a TV Sul, afiliada da TV Brasil, foi realizada nesta quarta-feira (2), no munic\u00edpio de Santa Rosa. O projeto tem como proposta apresentar ao p\u00fablico as hist\u00f3rias, personagens, culturas, tradi\u00e7\u00f5es e belezas que fazem parte da identidade do Extremo Sul catarinense. [&hellip;]<\/p>\n","protected":false},"author":1,"featured_media":2309,"comment_status":"open","ping_status":"open","sticky":false,"template":"","format":"standard","meta":{"footnotes":""},"categories":[9],"tags":[],"class_list":["post-2308","post","type-post","status-publish","format-standard","has-post-thumbnail","hentry","category-turismo"],"_links":{"self":[{"href":"https:\/\/tvsulcatarinense.com.br\/index.php?rest_route=\/wp\/v2\/posts\/2308","targetHints":{"allow":["GET"]}}],"collection":[{"href":"https:\/\/tvsulcatarinense.com.br\/index.php?rest_route=\/wp\/v2\/posts"}],"about":[{"href":"https:\/\/tvsulcatarinense.com.br\/index.php?rest_route=\/wp\/v2\/types\/post"}],"author":[{"embeddable":true,"href":"https:\/\/tvsulcatarinense.com.br\/index.php?rest_route=\/wp\/v2\/users\/1"}],"replies":[{"embeddable":true,"href":"https:\/\/tvsulcatarinense.com.br\/index.php?rest_route=%2Fwp%2Fv2%2Fcomments&post=2308"}],"version-history":[{"count":1,"href":"https:\/\/tvsulcatarinense.com.br\/index.php?rest_route=\/wp\/v2\/posts\/2308\/revisions"}],"predecessor-version":[{"id":2311,"href":"https:\/\/tvsulcatarinense.com.br\/index.php?rest_route=\/wp\/v2\/posts\/2308\/revisions\/2311"}],"wp:featuredmedia":[{"embeddable":true,"href":"https:\/\/tvsulcatarinense.com.br\/index.php?rest_route=\/wp\/v2\/media\/2309"}],"wp:attachment":[{"href":"https:\/\/tvsulcatarinense.com.br\/index.php?rest_route=%2Fwp%2Fv2%2Fmedia&parent=2308"}],"wp:term":[{"taxonomy":"category","embeddable":true,"href":"https:\/\/tvsulcatarinense.com.br\/index.php?rest_route=%2Fwp%2Fv2%2Fcategories&post=2308"},{"taxonomy":"post_tag","embeddable":true,"href":"https:\/\/tvsulcatarinense.com.br\/index.php?rest_route=%2Fwp%2Fv2%2Ftags&post=2308"}],"curies":[{"name":"wp","href":"https:\/\/api.w.org\/{rel}","templated":true}]}}