{"id":2006,"date":"2026-01-05T14:31:13","date_gmt":"2026-01-05T17:31:13","guid":{"rendered":"https:\/\/tvsulcatarinense.com.br\/?p=2006"},"modified":"2026-01-05T14:31:13","modified_gmt":"2026-01-05T17:31:13","slug":"defesa-civil-contra-os-fortes-ventos-neste-sabado-acao-envolveu-corte-e-remocao-de-arvores","status":"publish","type":"post","link":"https:\/\/tvsulcatarinense.com.br\/?p=2006","title":{"rendered":"Defesa Civil contra os fortes ventos neste s\u00e1bado: a\u00e7\u00e3o envolveu corte e remo\u00e7\u00e3o de \u00e1rvores"},"content":{"rendered":"\n<figure class=\"wp-block-embed is-type-video is-provider-youtube wp-block-embed-youtube wp-embed-aspect-16-9 wp-has-aspect-ratio\"><div class=\"wp-block-embed__wrapper\">\n<iframe title=\"Defesa Civil contra os fortes ventos neste s\u00e1bado: a\u00e7\u00e3o envolveu corte e remo\u00e7\u00e3o de \u00e1rvores\" width=\"800\" height=\"450\" src=\"https:\/\/www.youtube.com\/embed\/TMNUx1VO5Y4?feature=oembed\" frameborder=\"0\" allow=\"accelerometer; autoplay; clipboard-write; encrypted-media; gyroscope; picture-in-picture; web-share\" referrerpolicy=\"strict-origin-when-cross-origin\" allowfullscreen><\/iframe>\n<\/div><\/figure>\n","protected":false},"excerpt":{"rendered":"","protected":false},"author":1,"featured_media":2007,"comment_status":"open","ping_status":"open","sticky":false,"template":"","format":"standard","meta":{"footnotes":""},"categories":[5],"tags":[142],"class_list":["post-2006","post","type-post","status-publish","format-standard","has-post-thumbnail","hentry","category-seguranca","tag-seguranca"],"_links":{"self":[{"href":"https:\/\/tvsulcatarinense.com.br\/index.php?rest_route=\/wp\/v2\/posts\/2006","targetHints":{"allow":["GET"]}}],"collection":[{"href":"https:\/\/tvsulcatarinense.com.br\/index.php?rest_route=\/wp\/v2\/posts"}],"about":[{"href":"https:\/\/tvsulcatarinense.com.br\/index.php?rest_route=\/wp\/v2\/types\/post"}],"author":[{"embeddable":true,"href":"https:\/\/tvsulcatarinense.com.br\/index.php?rest_route=\/wp\/v2\/users\/1"}],"replies":[{"embeddable":true,"href":"https:\/\/tvsulcatarinense.com.br\/index.php?rest_route=%2Fwp%2Fv2%2Fcomments&post=2006"}],"version-history":[{"count":1,"href":"https:\/\/tvsulcatarinense.com.br\/index.php?rest_route=\/wp\/v2\/posts\/2006\/revisions"}],"predecessor-version":[{"id":2008,"href":"https:\/\/tvsulcatarinense.com.br\/index.php?rest_route=\/wp\/v2\/posts\/2006\/revisions\/2008"}],"wp:featuredmedia":[{"embeddable":true,"href":"https:\/\/tvsulcatarinense.com.br\/index.php?rest_route=\/wp\/v2\/media\/2007"}],"wp:attachment":[{"href":"https:\/\/tvsulcatarinense.com.br\/index.php?rest_route=%2Fwp%2Fv2%2Fmedia&parent=2006"}],"wp:term":[{"taxonomy":"category","embeddable":true,"href":"https:\/\/tvsulcatarinense.com.br\/index.php?rest_route=%2Fwp%2Fv2%2Fcategories&post=2006"},{"taxonomy":"post_tag","embeddable":true,"href":"https:\/\/tvsulcatarinense.com.br\/index.php?rest_route=%2Fwp%2Fv2%2Ftags&post=2006"}],"curies":[{"name":"wp","href":"https:\/\/api.w.org\/{rel}","templated":true}]}}