{"id":1972,"date":"2025-12-19T14:12:20","date_gmt":"2025-12-19T17:12:20","guid":{"rendered":"https:\/\/tvsulcatarinense.com.br\/?p=1972"},"modified":"2025-12-19T14:12:20","modified_gmt":"2025-12-19T17:12:20","slug":"saida-temporaria-no-presidio-regional-de-ararangua-17-detentos-recebem-beneficio-de-final-de-ano","status":"publish","type":"post","link":"https:\/\/tvsulcatarinense.com.br\/?p=1972","title":{"rendered":"Sa\u00edda tempor\u00e1ria: no Pres\u00eddio Regional de Ararangu\u00e1, 17 detentos recebem benef\u00edcio de final de ano"},"content":{"rendered":"\n<figure class=\"wp-block-embed is-type-video is-provider-youtube wp-block-embed-youtube wp-embed-aspect-16-9 wp-has-aspect-ratio\"><div class=\"wp-block-embed__wrapper\">\n<iframe title=\"Sa\u00edda tempor\u00e1ria: no Pres\u00eddio Regional de Ararangu\u00e1, 17 detentos recebem benef\u00edcio de final de ano\" width=\"800\" height=\"450\" src=\"https:\/\/www.youtube.com\/embed\/K8EjHwfWWs0?feature=oembed\" frameborder=\"0\" allow=\"accelerometer; autoplay; clipboard-write; encrypted-media; gyroscope; picture-in-picture; web-share\" referrerpolicy=\"strict-origin-when-cross-origin\" allowfullscreen><\/iframe>\n<\/div><\/figure>\n","protected":false},"excerpt":{"rendered":"","protected":false},"author":1,"featured_media":1973,"comment_status":"open","ping_status":"open","sticky":false,"template":"","format":"standard","meta":{"footnotes":""},"categories":[5],"tags":[142],"class_list":["post-1972","post","type-post","status-publish","format-standard","has-post-thumbnail","hentry","category-seguranca","tag-seguranca"],"_links":{"self":[{"href":"https:\/\/tvsulcatarinense.com.br\/index.php?rest_route=\/wp\/v2\/posts\/1972","targetHints":{"allow":["GET"]}}],"collection":[{"href":"https:\/\/tvsulcatarinense.com.br\/index.php?rest_route=\/wp\/v2\/posts"}],"about":[{"href":"https:\/\/tvsulcatarinense.com.br\/index.php?rest_route=\/wp\/v2\/types\/post"}],"author":[{"embeddable":true,"href":"https:\/\/tvsulcatarinense.com.br\/index.php?rest_route=\/wp\/v2\/users\/1"}],"replies":[{"embeddable":true,"href":"https:\/\/tvsulcatarinense.com.br\/index.php?rest_route=%2Fwp%2Fv2%2Fcomments&post=1972"}],"version-history":[{"count":1,"href":"https:\/\/tvsulcatarinense.com.br\/index.php?rest_route=\/wp\/v2\/posts\/1972\/revisions"}],"predecessor-version":[{"id":1974,"href":"https:\/\/tvsulcatarinense.com.br\/index.php?rest_route=\/wp\/v2\/posts\/1972\/revisions\/1974"}],"wp:featuredmedia":[{"embeddable":true,"href":"https:\/\/tvsulcatarinense.com.br\/index.php?rest_route=\/wp\/v2\/media\/1973"}],"wp:attachment":[{"href":"https:\/\/tvsulcatarinense.com.br\/index.php?rest_route=%2Fwp%2Fv2%2Fmedia&parent=1972"}],"wp:term":[{"taxonomy":"category","embeddable":true,"href":"https:\/\/tvsulcatarinense.com.br\/index.php?rest_route=%2Fwp%2Fv2%2Fcategories&post=1972"},{"taxonomy":"post_tag","embeddable":true,"href":"https:\/\/tvsulcatarinense.com.br\/index.php?rest_route=%2Fwp%2Fv2%2Ftags&post=1972"}],"curies":[{"name":"wp","href":"https:\/\/api.w.org\/{rel}","templated":true}]}}