{"id":1959,"date":"2025-12-17T15:46:46","date_gmt":"2025-12-17T18:46:46","guid":{"rendered":"https:\/\/tvsulcatarinense.com.br\/?p=1959"},"modified":"2025-12-17T15:46:46","modified_gmt":"2025-12-17T18:46:46","slug":"nova-vacina-para-gestantes-na-proxima-semana-as-unidades-de-saude-tambem-aplicarao","status":"publish","type":"post","link":"https:\/\/tvsulcatarinense.com.br\/?p=1959","title":{"rendered":"Nova vacina para gestantes: na pr\u00f3xima semana as unidades de sa\u00fade tamb\u00e9m aplicar\u00e3o"},"content":{"rendered":"\n<figure class=\"wp-block-embed is-type-video is-provider-youtube wp-block-embed-youtube wp-embed-aspect-16-9 wp-has-aspect-ratio\"><div class=\"wp-block-embed__wrapper\">\n<iframe title=\"Nova vacina para gestantes: na pr\u00f3xima semana as unidades de sa\u00fade tamb\u00e9m aplicar\u00e3o\" width=\"800\" height=\"450\" src=\"https:\/\/www.youtube.com\/embed\/bKrlch-7pUU?feature=oembed\" frameborder=\"0\" allow=\"accelerometer; autoplay; clipboard-write; encrypted-media; gyroscope; picture-in-picture; web-share\" referrerpolicy=\"strict-origin-when-cross-origin\" allowfullscreen><\/iframe>\n<\/div><\/figure>\n","protected":false},"excerpt":{"rendered":"","protected":false},"author":1,"featured_media":1960,"comment_status":"open","ping_status":"open","sticky":false,"template":"","format":"standard","meta":{"footnotes":""},"categories":[7],"tags":[85],"class_list":["post-1959","post","type-post","status-publish","format-standard","has-post-thumbnail","hentry","category-saude","tag-saude"],"_links":{"self":[{"href":"https:\/\/tvsulcatarinense.com.br\/index.php?rest_route=\/wp\/v2\/posts\/1959","targetHints":{"allow":["GET"]}}],"collection":[{"href":"https:\/\/tvsulcatarinense.com.br\/index.php?rest_route=\/wp\/v2\/posts"}],"about":[{"href":"https:\/\/tvsulcatarinense.com.br\/index.php?rest_route=\/wp\/v2\/types\/post"}],"author":[{"embeddable":true,"href":"https:\/\/tvsulcatarinense.com.br\/index.php?rest_route=\/wp\/v2\/users\/1"}],"replies":[{"embeddable":true,"href":"https:\/\/tvsulcatarinense.com.br\/index.php?rest_route=%2Fwp%2Fv2%2Fcomments&post=1959"}],"version-history":[{"count":1,"href":"https:\/\/tvsulcatarinense.com.br\/index.php?rest_route=\/wp\/v2\/posts\/1959\/revisions"}],"predecessor-version":[{"id":1961,"href":"https:\/\/tvsulcatarinense.com.br\/index.php?rest_route=\/wp\/v2\/posts\/1959\/revisions\/1961"}],"wp:featuredmedia":[{"embeddable":true,"href":"https:\/\/tvsulcatarinense.com.br\/index.php?rest_route=\/wp\/v2\/media\/1960"}],"wp:attachment":[{"href":"https:\/\/tvsulcatarinense.com.br\/index.php?rest_route=%2Fwp%2Fv2%2Fmedia&parent=1959"}],"wp:term":[{"taxonomy":"category","embeddable":true,"href":"https:\/\/tvsulcatarinense.com.br\/index.php?rest_route=%2Fwp%2Fv2%2Fcategories&post=1959"},{"taxonomy":"post_tag","embeddable":true,"href":"https:\/\/tvsulcatarinense.com.br\/index.php?rest_route=%2Fwp%2Fv2%2Ftags&post=1959"}],"curies":[{"name":"wp","href":"https:\/\/api.w.org\/{rel}","templated":true}]}}