{"id":1947,"date":"2025-12-17T15:43:41","date_gmt":"2025-12-17T18:43:41","guid":{"rendered":"https:\/\/tvsulcatarinense.com.br\/?p=1947"},"modified":"2025-12-17T15:43:41","modified_gmt":"2025-12-17T18:43:41","slug":"docura-de-natal-maracaja-caravana-natalina-a-comunidades-e-grande-festa-em-maracaja","status":"publish","type":"post","link":"https:\/\/tvsulcatarinense.com.br\/?p=1947","title":{"rendered":"Do\u00e7ura de Natal Maracaj\u00e1: Caravana Natalina \u00e0 comunidades e grande festa em Maracaj\u00e1"},"content":{"rendered":"\n<figure class=\"wp-block-embed is-type-video is-provider-youtube wp-block-embed-youtube wp-embed-aspect-16-9 wp-has-aspect-ratio\"><div class=\"wp-block-embed__wrapper\">\n<iframe title=\"Do\u00e7ura de Natal Maracaj\u00e1: Caravana Natalina \u00e0 comunidades e grande festa em Maracaj\u00e1\" width=\"800\" height=\"450\" src=\"https:\/\/www.youtube.com\/embed\/Kf6eG-CYuPg?feature=oembed\" frameborder=\"0\" allow=\"accelerometer; autoplay; clipboard-write; encrypted-media; gyroscope; picture-in-picture; web-share\" referrerpolicy=\"strict-origin-when-cross-origin\" allowfullscreen><\/iframe>\n<\/div><\/figure>\n","protected":false},"excerpt":{"rendered":"","protected":false},"author":1,"featured_media":1948,"comment_status":"open","ping_status":"open","sticky":false,"template":"","format":"standard","meta":{"footnotes":""},"categories":[4],"tags":[169],"class_list":["post-1947","post","type-post","status-publish","format-standard","has-post-thumbnail","hentry","category-geral","tag-natal"],"_links":{"self":[{"href":"https:\/\/tvsulcatarinense.com.br\/index.php?rest_route=\/wp\/v2\/posts\/1947","targetHints":{"allow":["GET"]}}],"collection":[{"href":"https:\/\/tvsulcatarinense.com.br\/index.php?rest_route=\/wp\/v2\/posts"}],"about":[{"href":"https:\/\/tvsulcatarinense.com.br\/index.php?rest_route=\/wp\/v2\/types\/post"}],"author":[{"embeddable":true,"href":"https:\/\/tvsulcatarinense.com.br\/index.php?rest_route=\/wp\/v2\/users\/1"}],"replies":[{"embeddable":true,"href":"https:\/\/tvsulcatarinense.com.br\/index.php?rest_route=%2Fwp%2Fv2%2Fcomments&post=1947"}],"version-history":[{"count":1,"href":"https:\/\/tvsulcatarinense.com.br\/index.php?rest_route=\/wp\/v2\/posts\/1947\/revisions"}],"predecessor-version":[{"id":1949,"href":"https:\/\/tvsulcatarinense.com.br\/index.php?rest_route=\/wp\/v2\/posts\/1947\/revisions\/1949"}],"wp:featuredmedia":[{"embeddable":true,"href":"https:\/\/tvsulcatarinense.com.br\/index.php?rest_route=\/wp\/v2\/media\/1948"}],"wp:attachment":[{"href":"https:\/\/tvsulcatarinense.com.br\/index.php?rest_route=%2Fwp%2Fv2%2Fmedia&parent=1947"}],"wp:term":[{"taxonomy":"category","embeddable":true,"href":"https:\/\/tvsulcatarinense.com.br\/index.php?rest_route=%2Fwp%2Fv2%2Fcategories&post=1947"},{"taxonomy":"post_tag","embeddable":true,"href":"https:\/\/tvsulcatarinense.com.br\/index.php?rest_route=%2Fwp%2Fv2%2Ftags&post=1947"}],"curies":[{"name":"wp","href":"https:\/\/api.w.org\/{rel}","templated":true}]}}