{"id":1844,"date":"2025-12-08T14:27:06","date_gmt":"2025-12-08T17:27:06","guid":{"rendered":"https:\/\/tvsulcatarinense.com.br\/?p=1844"},"modified":"2025-12-08T14:27:06","modified_gmt":"2025-12-08T17:27:06","slug":"30-anos-de-emancipacao-de-bal-arroio-do-silva-evento-homenageou-membros-da-comissao-de-emancipacao","status":"publish","type":"post","link":"https:\/\/tvsulcatarinense.com.br\/?p=1844","title":{"rendered":"30 anos de emancipa\u00e7\u00e3o de Bal. Arroio do Silva: evento homenageou membros da comiss\u00e3o de emancipa\u00e7\u00e3o"},"content":{"rendered":"\n<figure class=\"wp-block-embed is-type-video is-provider-youtube wp-block-embed-youtube wp-embed-aspect-16-9 wp-has-aspect-ratio\"><div class=\"wp-block-embed__wrapper\">\n<iframe title=\"30 anos de emancipa\u00e7\u00e3o de Bal. Arroio do Silva: evento homenageou membros da comiss\u00e3o de emancipa\u00e7\u00e3o\" width=\"800\" height=\"450\" src=\"https:\/\/www.youtube.com\/embed\/aqoQPYf_ODw?feature=oembed\" frameborder=\"0\" allow=\"accelerometer; autoplay; clipboard-write; encrypted-media; gyroscope; picture-in-picture; web-share\" referrerpolicy=\"strict-origin-when-cross-origin\" allowfullscreen><\/iframe>\n<\/div><\/figure>\n","protected":false},"excerpt":{"rendered":"","protected":false},"author":1,"featured_media":1845,"comment_status":"open","ping_status":"open","sticky":false,"template":"","format":"standard","meta":{"footnotes":""},"categories":[6],"tags":[69],"class_list":["post-1844","post","type-post","status-publish","format-standard","has-post-thumbnail","hentry","category-politica","tag-politica"],"_links":{"self":[{"href":"https:\/\/tvsulcatarinense.com.br\/index.php?rest_route=\/wp\/v2\/posts\/1844","targetHints":{"allow":["GET"]}}],"collection":[{"href":"https:\/\/tvsulcatarinense.com.br\/index.php?rest_route=\/wp\/v2\/posts"}],"about":[{"href":"https:\/\/tvsulcatarinense.com.br\/index.php?rest_route=\/wp\/v2\/types\/post"}],"author":[{"embeddable":true,"href":"https:\/\/tvsulcatarinense.com.br\/index.php?rest_route=\/wp\/v2\/users\/1"}],"replies":[{"embeddable":true,"href":"https:\/\/tvsulcatarinense.com.br\/index.php?rest_route=%2Fwp%2Fv2%2Fcomments&post=1844"}],"version-history":[{"count":1,"href":"https:\/\/tvsulcatarinense.com.br\/index.php?rest_route=\/wp\/v2\/posts\/1844\/revisions"}],"predecessor-version":[{"id":1846,"href":"https:\/\/tvsulcatarinense.com.br\/index.php?rest_route=\/wp\/v2\/posts\/1844\/revisions\/1846"}],"wp:featuredmedia":[{"embeddable":true,"href":"https:\/\/tvsulcatarinense.com.br\/index.php?rest_route=\/wp\/v2\/media\/1845"}],"wp:attachment":[{"href":"https:\/\/tvsulcatarinense.com.br\/index.php?rest_route=%2Fwp%2Fv2%2Fmedia&parent=1844"}],"wp:term":[{"taxonomy":"category","embeddable":true,"href":"https:\/\/tvsulcatarinense.com.br\/index.php?rest_route=%2Fwp%2Fv2%2Fcategories&post=1844"},{"taxonomy":"post_tag","embeddable":true,"href":"https:\/\/tvsulcatarinense.com.br\/index.php?rest_route=%2Fwp%2Fv2%2Ftags&post=1844"}],"curies":[{"name":"wp","href":"https:\/\/api.w.org\/{rel}","templated":true}]}}