{"id":1807,"date":"2025-08-14T14:06:56","date_gmt":"2025-08-14T17:06:56","guid":{"rendered":"https:\/\/tvsulcatarinense.com.br\/?p=1807"},"modified":"2025-08-14T14:06:56","modified_gmt":"2025-08-14T17:06:56","slug":"renovacao-de-frota-sombrio-secretarias-de-saude-e-educacao-sao-contempladas-com-veiculos-0km","status":"publish","type":"post","link":"https:\/\/tvsulcatarinense.com.br\/?p=1807","title":{"rendered":"Renova\u00e7\u00e3o de frota Sombrio: secretarias de Sa\u00fade e Educa\u00e7\u00e3o s\u00e3o contempladas com ve\u00edculos 0KM"},"content":{"rendered":"\n<figure class=\"wp-block-embed is-type-video is-provider-youtube wp-block-embed-youtube wp-embed-aspect-16-9 wp-has-aspect-ratio\"><div class=\"wp-block-embed__wrapper\">\n<iframe title=\"RENOVA\u00c7\u00c3O DE FROTA SOMBRIO: SECRETARIAS DE SA\u00daDE E EDUCA\u00c7\u00c3O S\u00c3O CONTEMPLADAS COM VE\u00cdCULOS 0KM\" width=\"800\" height=\"450\" src=\"https:\/\/www.youtube.com\/embed\/dXAcOSI83C8?feature=oembed\" frameborder=\"0\" allow=\"accelerometer; autoplay; clipboard-write; encrypted-media; gyroscope; picture-in-picture; web-share\" referrerpolicy=\"strict-origin-when-cross-origin\" allowfullscreen><\/iframe>\n<\/div><\/figure>\n","protected":false},"excerpt":{"rendered":"","protected":false},"author":1,"featured_media":1808,"comment_status":"open","ping_status":"open","sticky":false,"template":"","format":"standard","meta":{"footnotes":""},"categories":[6],"tags":[88,85,72],"class_list":["post-1807","post","type-post","status-publish","format-standard","has-post-thumbnail","hentry","category-politica","tag-educacao","tag-saude","tag-sombrio-2"],"_links":{"self":[{"href":"https:\/\/tvsulcatarinense.com.br\/index.php?rest_route=\/wp\/v2\/posts\/1807","targetHints":{"allow":["GET"]}}],"collection":[{"href":"https:\/\/tvsulcatarinense.com.br\/index.php?rest_route=\/wp\/v2\/posts"}],"about":[{"href":"https:\/\/tvsulcatarinense.com.br\/index.php?rest_route=\/wp\/v2\/types\/post"}],"author":[{"embeddable":true,"href":"https:\/\/tvsulcatarinense.com.br\/index.php?rest_route=\/wp\/v2\/users\/1"}],"replies":[{"embeddable":true,"href":"https:\/\/tvsulcatarinense.com.br\/index.php?rest_route=%2Fwp%2Fv2%2Fcomments&post=1807"}],"version-history":[{"count":1,"href":"https:\/\/tvsulcatarinense.com.br\/index.php?rest_route=\/wp\/v2\/posts\/1807\/revisions"}],"predecessor-version":[{"id":1809,"href":"https:\/\/tvsulcatarinense.com.br\/index.php?rest_route=\/wp\/v2\/posts\/1807\/revisions\/1809"}],"wp:featuredmedia":[{"embeddable":true,"href":"https:\/\/tvsulcatarinense.com.br\/index.php?rest_route=\/wp\/v2\/media\/1808"}],"wp:attachment":[{"href":"https:\/\/tvsulcatarinense.com.br\/index.php?rest_route=%2Fwp%2Fv2%2Fmedia&parent=1807"}],"wp:term":[{"taxonomy":"category","embeddable":true,"href":"https:\/\/tvsulcatarinense.com.br\/index.php?rest_route=%2Fwp%2Fv2%2Fcategories&post=1807"},{"taxonomy":"post_tag","embeddable":true,"href":"https:\/\/tvsulcatarinense.com.br\/index.php?rest_route=%2Fwp%2Fv2%2Ftags&post=1807"}],"curies":[{"name":"wp","href":"https:\/\/api.w.org\/{rel}","templated":true}]}}