{"id":1725,"date":"2025-08-06T13:55:20","date_gmt":"2025-08-06T16:55:20","guid":{"rendered":"https:\/\/tvsulcatarinense.com.br\/?p=1725"},"modified":"2025-08-06T13:55:20","modified_gmt":"2025-08-06T16:55:20","slug":"camara-de-vereadores-arroio-do-silva-reconhecimento-a-igrejas-evangelicas-nesta-terca-feira","status":"publish","type":"post","link":"https:\/\/tvsulcatarinense.com.br\/?p=1725","title":{"rendered":"C\u00e2mara de vereadores Arroio do Silva: reconhecimento \u00e0 igrejas evang\u00e9licas nesta ter\u00e7a-feira"},"content":{"rendered":"\n<figure class=\"wp-block-embed is-type-video is-provider-youtube wp-block-embed-youtube wp-embed-aspect-16-9 wp-has-aspect-ratio\"><div class=\"wp-block-embed__wrapper\">\n<iframe title=\"C\u00e2mara de vereadores Arroio do Silva: reconhecimento \u00e0 igrejas evang\u00e9licas nesta ter\u00e7a-feira\" width=\"800\" height=\"450\" src=\"https:\/\/www.youtube.com\/embed\/PTBigz7D4Zs?feature=oembed\" frameborder=\"0\" allow=\"accelerometer; autoplay; clipboard-write; encrypted-media; gyroscope; picture-in-picture; web-share\" referrerpolicy=\"strict-origin-when-cross-origin\" allowfullscreen><\/iframe>\n<\/div><\/figure>\n","protected":false},"excerpt":{"rendered":"","protected":false},"author":1,"featured_media":1726,"comment_status":"open","ping_status":"open","sticky":false,"template":"","format":"standard","meta":{"footnotes":""},"categories":[6],"tags":[71,70,69],"class_list":["post-1725","post","type-post","status-publish","format-standard","has-post-thumbnail","hentry","category-politica","tag-arroiodosilva","tag-camaradevereadores","tag-politica"],"_links":{"self":[{"href":"https:\/\/tvsulcatarinense.com.br\/index.php?rest_route=\/wp\/v2\/posts\/1725","targetHints":{"allow":["GET"]}}],"collection":[{"href":"https:\/\/tvsulcatarinense.com.br\/index.php?rest_route=\/wp\/v2\/posts"}],"about":[{"href":"https:\/\/tvsulcatarinense.com.br\/index.php?rest_route=\/wp\/v2\/types\/post"}],"author":[{"embeddable":true,"href":"https:\/\/tvsulcatarinense.com.br\/index.php?rest_route=\/wp\/v2\/users\/1"}],"replies":[{"embeddable":true,"href":"https:\/\/tvsulcatarinense.com.br\/index.php?rest_route=%2Fwp%2Fv2%2Fcomments&post=1725"}],"version-history":[{"count":1,"href":"https:\/\/tvsulcatarinense.com.br\/index.php?rest_route=\/wp\/v2\/posts\/1725\/revisions"}],"predecessor-version":[{"id":1727,"href":"https:\/\/tvsulcatarinense.com.br\/index.php?rest_route=\/wp\/v2\/posts\/1725\/revisions\/1727"}],"wp:featuredmedia":[{"embeddable":true,"href":"https:\/\/tvsulcatarinense.com.br\/index.php?rest_route=\/wp\/v2\/media\/1726"}],"wp:attachment":[{"href":"https:\/\/tvsulcatarinense.com.br\/index.php?rest_route=%2Fwp%2Fv2%2Fmedia&parent=1725"}],"wp:term":[{"taxonomy":"category","embeddable":true,"href":"https:\/\/tvsulcatarinense.com.br\/index.php?rest_route=%2Fwp%2Fv2%2Fcategories&post=1725"},{"taxonomy":"post_tag","embeddable":true,"href":"https:\/\/tvsulcatarinense.com.br\/index.php?rest_route=%2Fwp%2Fv2%2Ftags&post=1725"}],"curies":[{"name":"wp","href":"https:\/\/api.w.org\/{rel}","templated":true}]}}