{"id":1615,"date":"2025-07-24T14:01:36","date_gmt":"2025-07-24T17:01:36","guid":{"rendered":"https:\/\/tvsulcatarinense.com.br\/?p=1615"},"modified":"2025-07-24T14:01:36","modified_gmt":"2025-07-24T17:01:36","slug":"conquistas-para-sombrio-ordem-de-servico-para-uma-praca-e-tres-veiculos-0km-foram-entregues","status":"publish","type":"post","link":"https:\/\/tvsulcatarinense.com.br\/?p=1615","title":{"rendered":"Conquistas para Sombrio: ordem de servi\u00e7o para uma pra\u00e7a e tr\u00eas ve\u00edculos 0km foram entregues"},"content":{"rendered":"\n<figure class=\"wp-block-embed is-type-video is-provider-youtube wp-block-embed-youtube wp-embed-aspect-16-9 wp-has-aspect-ratio\"><div class=\"wp-block-embed__wrapper\">\n<iframe title=\"Conquistas para Sombrio: ordem de servi\u00e7o para uma pra\u00e7a e tr\u00eas ve\u00edculos 0km foram entregues\" width=\"800\" height=\"450\" src=\"https:\/\/www.youtube.com\/embed\/6q0QSwWv2vo?feature=oembed\" frameborder=\"0\" allow=\"accelerometer; autoplay; clipboard-write; encrypted-media; gyroscope; picture-in-picture; web-share\" referrerpolicy=\"strict-origin-when-cross-origin\" allowfullscreen><\/iframe>\n<\/div><\/figure>\n\n\n\n<p>Confira os destaques que foram ao ar na TV Sul Catarinense!<\/p>\n\n\n\n<p>Informa\u00e7\u00e3o, entrevistas e os fatos que movimentam a regi\u00e3o.<\/p>\n\n\n\n<p>Compartilhe, comente e fique por dentro de tudo que acontece no Sul de SC!<\/p>\n","protected":false},"excerpt":{"rendered":"<p>Confira os destaques que foram ao ar na TV Sul Catarinense! Informa\u00e7\u00e3o, entrevistas e os fatos que movimentam a regi\u00e3o. Compartilhe, comente e fique por dentro de tudo que acontece no Sul de SC!<\/p>\n","protected":false},"author":1,"featured_media":1616,"comment_status":"open","ping_status":"open","sticky":false,"template":"","format":"standard","meta":{"footnotes":""},"categories":[6],"tags":[73,72],"class_list":["post-1615","post","type-post","status-publish","format-standard","has-post-thumbnail","hentry","category-politica","tag-infraestrutura","tag-sombrio-2"],"_links":{"self":[{"href":"https:\/\/tvsulcatarinense.com.br\/index.php?rest_route=\/wp\/v2\/posts\/1615","targetHints":{"allow":["GET"]}}],"collection":[{"href":"https:\/\/tvsulcatarinense.com.br\/index.php?rest_route=\/wp\/v2\/posts"}],"about":[{"href":"https:\/\/tvsulcatarinense.com.br\/index.php?rest_route=\/wp\/v2\/types\/post"}],"author":[{"embeddable":true,"href":"https:\/\/tvsulcatarinense.com.br\/index.php?rest_route=\/wp\/v2\/users\/1"}],"replies":[{"embeddable":true,"href":"https:\/\/tvsulcatarinense.com.br\/index.php?rest_route=%2Fwp%2Fv2%2Fcomments&post=1615"}],"version-history":[{"count":1,"href":"https:\/\/tvsulcatarinense.com.br\/index.php?rest_route=\/wp\/v2\/posts\/1615\/revisions"}],"predecessor-version":[{"id":1617,"href":"https:\/\/tvsulcatarinense.com.br\/index.php?rest_route=\/wp\/v2\/posts\/1615\/revisions\/1617"}],"wp:featuredmedia":[{"embeddable":true,"href":"https:\/\/tvsulcatarinense.com.br\/index.php?rest_route=\/wp\/v2\/media\/1616"}],"wp:attachment":[{"href":"https:\/\/tvsulcatarinense.com.br\/index.php?rest_route=%2Fwp%2Fv2%2Fmedia&parent=1615"}],"wp:term":[{"taxonomy":"category","embeddable":true,"href":"https:\/\/tvsulcatarinense.com.br\/index.php?rest_route=%2Fwp%2Fv2%2Fcategories&post=1615"},{"taxonomy":"post_tag","embeddable":true,"href":"https:\/\/tvsulcatarinense.com.br\/index.php?rest_route=%2Fwp%2Fv2%2Ftags&post=1615"}],"curies":[{"name":"wp","href":"https:\/\/api.w.org\/{rel}","templated":true}]}}