{"id":1600,"date":"2025-04-28T17:35:30","date_gmt":"2025-04-28T20:35:30","guid":{"rendered":"https:\/\/tvsulcatarinense.com.br\/?p=1600"},"modified":"2025-04-28T17:35:30","modified_gmt":"2025-04-28T20:35:30","slug":"video-frente-parlamentar-em-defesa-a-pessoa-com-deficiencia-comitiva-de-ararangua-tem-agenda-concorrida-em-chapeco","status":"publish","type":"post","link":"https:\/\/tvsulcatarinense.com.br\/?p=1600","title":{"rendered":"(VIDEO) Frente parlamentar em defesa a pessoa com defici\u00eancia: Comitiva de Ararangu\u00e1 tem agenda concorrida em Chapec\u00f3"},"content":{"rendered":"\n<p>Confira o coment\u00e1rio de Elias Pavani, de segunda a sexta-feira durante o jornal do meio-dia na TV Sul Catarinense<\/p>\n\n\n\n<p>Programa: Coment\u00e1rio Elias Pavani<br>Apresenta\u00e7\u00e3o: Elias Pavani<\/p>\n\n\n\n<p>Siga-nos em nossas redes para mais informa\u00e7\u00f5es:<\/p>\n\n\n\n<p>Portal:<a href=\"https:\/\/uaaau.com.br\/politica\/%20https:\/idportal.com.br\/\">&nbsp;https:\/\/idportal.com.br\/<\/a><br>Facebook:&nbsp;<a href=\"https:\/\/www.facebook.com\/profile.php?id=61551895859920\">https:\/\/www.facebook.com\/profile.php?id=61551895859920<\/a><br>Instargram:<a href=\"https:\/\/uaaau.com.br\/politica\/%20https:\/www.instagram.com\/idportalnoticias?igsh=OXM0OWs5dWRrcHlr\">&nbsp;https:\/\/www.instagram.com\/idportalnoticias?igsh=OXM0OWs5dWRrcHlr<\/a><\/p>\n\n\n\n<figure class=\"wp-block-embed is-type-video is-provider-youtube wp-block-embed-youtube wp-embed-aspect-16-9 wp-has-aspect-ratio\"><div class=\"wp-block-embed__wrapper\">\n<iframe title=\"Frente parlamentar em defesa a pessoa com defici\u00eancia: Comitiva de Ararangu\u00e1 tem agenda em Chapec\u00f3\" width=\"800\" height=\"450\" src=\"https:\/\/www.youtube.com\/embed\/pcyt6HWyB18?feature=oembed\" frameborder=\"0\" allow=\"accelerometer; autoplay; clipboard-write; encrypted-media; gyroscope; picture-in-picture; web-share\" referrerpolicy=\"strict-origin-when-cross-origin\" allowfullscreen><\/iframe>\n<\/div><\/figure>\n","protected":false},"excerpt":{"rendered":"<p>Confira o coment\u00e1rio de Elias Pavani, de segunda a sexta-feira durante o jornal do meio-dia na TV Sul Catarinense Programa: Coment\u00e1rio Elias PavaniApresenta\u00e7\u00e3o: Elias Pavani Siga-nos em nossas redes para mais informa\u00e7\u00f5es: Portal:&nbsp;https:\/\/idportal.com.br\/Facebook:&nbsp;https:\/\/www.facebook.com\/profile.php?id=61551895859920Instargram:&nbsp;https:\/\/www.instagram.com\/idportalnoticias?igsh=OXM0OWs5dWRrcHlr<\/p>\n","protected":false},"author":1,"featured_media":1601,"comment_status":"open","ping_status":"open","sticky":false,"template":"","format":"standard","meta":{"footnotes":""},"categories":[6],"tags":[22,23,24],"class_list":["post-1600","post","type-post","status-publish","format-standard","has-post-thumbnail","hentry","category-politica","tag-22","tag-ararangua","tag-santa-catarina"],"_links":{"self":[{"href":"https:\/\/tvsulcatarinense.com.br\/index.php?rest_route=\/wp\/v2\/posts\/1600","targetHints":{"allow":["GET"]}}],"collection":[{"href":"https:\/\/tvsulcatarinense.com.br\/index.php?rest_route=\/wp\/v2\/posts"}],"about":[{"href":"https:\/\/tvsulcatarinense.com.br\/index.php?rest_route=\/wp\/v2\/types\/post"}],"author":[{"embeddable":true,"href":"https:\/\/tvsulcatarinense.com.br\/index.php?rest_route=\/wp\/v2\/users\/1"}],"replies":[{"embeddable":true,"href":"https:\/\/tvsulcatarinense.com.br\/index.php?rest_route=%2Fwp%2Fv2%2Fcomments&post=1600"}],"version-history":[{"count":1,"href":"https:\/\/tvsulcatarinense.com.br\/index.php?rest_route=\/wp\/v2\/posts\/1600\/revisions"}],"predecessor-version":[{"id":1602,"href":"https:\/\/tvsulcatarinense.com.br\/index.php?rest_route=\/wp\/v2\/posts\/1600\/revisions\/1602"}],"wp:featuredmedia":[{"embeddable":true,"href":"https:\/\/tvsulcatarinense.com.br\/index.php?rest_route=\/wp\/v2\/media\/1601"}],"wp:attachment":[{"href":"https:\/\/tvsulcatarinense.com.br\/index.php?rest_route=%2Fwp%2Fv2%2Fmedia&parent=1600"}],"wp:term":[{"taxonomy":"category","embeddable":true,"href":"https:\/\/tvsulcatarinense.com.br\/index.php?rest_route=%2Fwp%2Fv2%2Fcategories&post=1600"},{"taxonomy":"post_tag","embeddable":true,"href":"https:\/\/tvsulcatarinense.com.br\/index.php?rest_route=%2Fwp%2Fv2%2Ftags&post=1600"}],"curies":[{"name":"wp","href":"https:\/\/api.w.org\/{rel}","templated":true}]}}