{"id":1597,"date":"2025-04-28T16:19:15","date_gmt":"2025-04-28T19:19:15","guid":{"rendered":"https:\/\/tvsulcatarinense.com.br\/?p=1597"},"modified":"2025-04-28T16:19:15","modified_gmt":"2025-04-28T19:19:15","slug":"colisao-entre-dois-carros-e-um-caminhao-na-sc-285-deixa-um-morto-e-um-ferido","status":"publish","type":"post","link":"https:\/\/tvsulcatarinense.com.br\/?p=1597","title":{"rendered":"Colis\u00e3o entre dois carros e um caminh\u00e3o na SC-285 deixa um morto e um ferido"},"content":{"rendered":"\n<p>Um grave acidente entre dois carros e um caminh\u00e3o foi registrado na manh\u00e3 desta segunda-feira (28), em Ararangu\u00e1, no Sul de Santa Catarina. Um homem morreu e outro ficou ferido ap\u00f3s a batida. A colis\u00e3o foi registrada na SC-285, entre os bairros Soares e Sanga da Toca, por volta das 9h30.<\/p>\n\n\n\n<p>Os ve\u00edculos envolvidos foram um caminh\u00e3o, um Ford Fusion e uma Fiat Fiorino. Segundo os bombeiros, o condutor da Fiorino foi encontrado preso \u00e0s ferragens em parada cardiorrespirat\u00f3ria. Ele foi conduzido pelo Samu at\u00e9 o Hospital Dom Joaquim de Sombrio, mas n\u00e3o resistiu e morreu no caminho da unidade.<\/p>\n\n\n\n<p>O motorista do Fusion teve ferimentos e foi atendido pelo Samu, e o caminhoneiro nada sofreu. Corpo de Bombeiros, Pol\u00edcia Militar e Pol\u00edcia Rodovi\u00e1ria Estadual tamb\u00e9m estiveram presentes na ocorr\u00eancia.<\/p>\n","protected":false},"excerpt":{"rendered":"<p>Um grave acidente entre dois carros e um caminh\u00e3o foi registrado na manh\u00e3 desta segunda-feira (28), em Ararangu\u00e1, no Sul de Santa Catarina. Um homem morreu e outro ficou ferido ap\u00f3s a batida. A colis\u00e3o foi registrada na SC-285, entre os bairros Soares e Sanga da Toca, por volta das 9h30. Os ve\u00edculos envolvidos foram [&hellip;]<\/p>\n","protected":false},"author":1,"featured_media":1598,"comment_status":"open","ping_status":"open","sticky":false,"template":"","format":"standard","meta":{"footnotes":""},"categories":[5],"tags":[22,24],"class_list":["post-1597","post","type-post","status-publish","format-standard","has-post-thumbnail","hentry","category-seguranca","tag-22","tag-santa-catarina"],"_links":{"self":[{"href":"https:\/\/tvsulcatarinense.com.br\/index.php?rest_route=\/wp\/v2\/posts\/1597","targetHints":{"allow":["GET"]}}],"collection":[{"href":"https:\/\/tvsulcatarinense.com.br\/index.php?rest_route=\/wp\/v2\/posts"}],"about":[{"href":"https:\/\/tvsulcatarinense.com.br\/index.php?rest_route=\/wp\/v2\/types\/post"}],"author":[{"embeddable":true,"href":"https:\/\/tvsulcatarinense.com.br\/index.php?rest_route=\/wp\/v2\/users\/1"}],"replies":[{"embeddable":true,"href":"https:\/\/tvsulcatarinense.com.br\/index.php?rest_route=%2Fwp%2Fv2%2Fcomments&post=1597"}],"version-history":[{"count":1,"href":"https:\/\/tvsulcatarinense.com.br\/index.php?rest_route=\/wp\/v2\/posts\/1597\/revisions"}],"predecessor-version":[{"id":1599,"href":"https:\/\/tvsulcatarinense.com.br\/index.php?rest_route=\/wp\/v2\/posts\/1597\/revisions\/1599"}],"wp:featuredmedia":[{"embeddable":true,"href":"https:\/\/tvsulcatarinense.com.br\/index.php?rest_route=\/wp\/v2\/media\/1598"}],"wp:attachment":[{"href":"https:\/\/tvsulcatarinense.com.br\/index.php?rest_route=%2Fwp%2Fv2%2Fmedia&parent=1597"}],"wp:term":[{"taxonomy":"category","embeddable":true,"href":"https:\/\/tvsulcatarinense.com.br\/index.php?rest_route=%2Fwp%2Fv2%2Fcategories&post=1597"},{"taxonomy":"post_tag","embeddable":true,"href":"https:\/\/tvsulcatarinense.com.br\/index.php?rest_route=%2Fwp%2Fv2%2Ftags&post=1597"}],"curies":[{"name":"wp","href":"https:\/\/api.w.org\/{rel}","templated":true}]}}