{"id":1590,"date":"2025-04-25T15:58:33","date_gmt":"2025-04-25T18:58:33","guid":{"rendered":"https:\/\/tvsulcatarinense.com.br\/?p=1590"},"modified":"2025-04-25T15:58:33","modified_gmt":"2025-04-25T18:58:33","slug":"video-nova-gestao-do-hra-abertura-dos-envelopes-acontecera-no-mes-de-maio","status":"publish","type":"post","link":"https:\/\/tvsulcatarinense.com.br\/?p=1590","title":{"rendered":"(VIDEO) Nova gest\u00e3o do HRA: Abertura dos envelopes acontecer\u00e1 no m\u00eas de maio"},"content":{"rendered":"\n<p>Confira o coment\u00e1rio de Elias Pavani, de segunda a sexta-feira durante o jornal do meio-dia na TV Sul Catarinense<\/p>\n\n\n\n<p>Programa: Coment\u00e1rio Elias Pavani<br>Apresenta\u00e7\u00e3o: Elias Pavani<\/p>\n\n\n\n<p>Siga-nos em nossas redes para mais informa\u00e7\u00f5es:<\/p>\n\n\n\n<p>Portal: <a href=\"https:\/\/idportal.com.br\/\">https:\/\/idportal.com.br\/<\/a><br>Facebook: <a href=\"https:\/\/www.facebook.com\/profile.php?id=61551895859920\n\">https:\/\/www.facebook.com\/profile.php?id=61551895859920<br><\/a>Instargram: <a href=\"https:\/\/www.instagram.com\/idportalnoticias?igsh=OXM0OWs5dWRrcHlr\">https:\/\/www.instagram.com\/idportalnoticias?igsh=OXM0OWs5dWRrcHlr<\/a><\/p>\n\n\n\n<p>Segue abaixo: <\/p>\n\n\n\n<figure class=\"wp-block-embed is-type-video is-provider-youtube wp-block-embed-youtube wp-embed-aspect-16-9 wp-has-aspect-ratio\"><div class=\"wp-block-embed__wrapper\">\n<iframe title=\"Nova gest\u00e3o do HRA: Abertura dos envelopes acontecer\u00e1 no m\u00eas de maio\" width=\"800\" height=\"450\" src=\"https:\/\/www.youtube.com\/embed\/zEhYZlWPfLs?feature=oembed\" frameborder=\"0\" allow=\"accelerometer; autoplay; clipboard-write; encrypted-media; gyroscope; picture-in-picture; web-share\" referrerpolicy=\"strict-origin-when-cross-origin\" allowfullscreen><\/iframe>\n<\/div><\/figure>\n","protected":false},"excerpt":{"rendered":"<p>Confira o coment\u00e1rio de Elias Pavani, de segunda a sexta-feira durante o jornal do meio-dia na TV Sul Catarinense Programa: Coment\u00e1rio Elias PavaniApresenta\u00e7\u00e3o: Elias Pavani Siga-nos em nossas redes para mais informa\u00e7\u00f5es: Portal: https:\/\/idportal.com.br\/Facebook: https:\/\/www.facebook.com\/profile.php?id=61551895859920Instargram: https:\/\/www.instagram.com\/idportalnoticias?igsh=OXM0OWs5dWRrcHlr Segue abaixo:<\/p>\n","protected":false},"author":1,"featured_media":1591,"comment_status":"open","ping_status":"open","sticky":false,"template":"","format":"standard","meta":{"footnotes":""},"categories":[6],"tags":[22,23,24],"class_list":["post-1590","post","type-post","status-publish","format-standard","has-post-thumbnail","hentry","category-politica","tag-22","tag-ararangua","tag-santa-catarina"],"_links":{"self":[{"href":"https:\/\/tvsulcatarinense.com.br\/index.php?rest_route=\/wp\/v2\/posts\/1590","targetHints":{"allow":["GET"]}}],"collection":[{"href":"https:\/\/tvsulcatarinense.com.br\/index.php?rest_route=\/wp\/v2\/posts"}],"about":[{"href":"https:\/\/tvsulcatarinense.com.br\/index.php?rest_route=\/wp\/v2\/types\/post"}],"author":[{"embeddable":true,"href":"https:\/\/tvsulcatarinense.com.br\/index.php?rest_route=\/wp\/v2\/users\/1"}],"replies":[{"embeddable":true,"href":"https:\/\/tvsulcatarinense.com.br\/index.php?rest_route=%2Fwp%2Fv2%2Fcomments&post=1590"}],"version-history":[{"count":1,"href":"https:\/\/tvsulcatarinense.com.br\/index.php?rest_route=\/wp\/v2\/posts\/1590\/revisions"}],"predecessor-version":[{"id":1592,"href":"https:\/\/tvsulcatarinense.com.br\/index.php?rest_route=\/wp\/v2\/posts\/1590\/revisions\/1592"}],"wp:featuredmedia":[{"embeddable":true,"href":"https:\/\/tvsulcatarinense.com.br\/index.php?rest_route=\/wp\/v2\/media\/1591"}],"wp:attachment":[{"href":"https:\/\/tvsulcatarinense.com.br\/index.php?rest_route=%2Fwp%2Fv2%2Fmedia&parent=1590"}],"wp:term":[{"taxonomy":"category","embeddable":true,"href":"https:\/\/tvsulcatarinense.com.br\/index.php?rest_route=%2Fwp%2Fv2%2Fcategories&post=1590"},{"taxonomy":"post_tag","embeddable":true,"href":"https:\/\/tvsulcatarinense.com.br\/index.php?rest_route=%2Fwp%2Fv2%2Ftags&post=1590"}],"curies":[{"name":"wp","href":"https:\/\/api.w.org\/{rel}","templated":true}]}}