{"id":1587,"date":"2025-04-25T14:54:59","date_gmt":"2025-04-25T17:54:59","guid":{"rendered":"https:\/\/tvsulcatarinense.com.br\/?p=1587"},"modified":"2025-04-25T14:54:59","modified_gmt":"2025-04-25T17:54:59","slug":"nomeado-o-novo-secretario-adjunto-de-governo","status":"publish","type":"post","link":"https:\/\/tvsulcatarinense.com.br\/?p=1587","title":{"rendered":"Nomeado o novo secret\u00e1rio adjunto de governo"},"content":{"rendered":"\n<p>A Administra\u00e7\u00e3o Municipal de Ararangu\u00e1 oficializou, nesta quinta-feira, dia 24, a nomea\u00e7\u00e3o de Luciano Zeferino Pires para o cargo de Secret\u00e1rio Adjunto de Governo.<\/p>\n\n\n\n<p>Com s\u00f3lida trajet\u00f3ria no setor p\u00fablico, Luciano j\u00e1 ocupou o cargo de Secret\u00e1rio de Esportes, \u00e9 graduado em Educa\u00e7\u00e3o F\u00edsica, acad\u00eamico do curso de Direito, e atuou como vereador por dois mandatos.<\/p>\n\n\n\n<p>Em 2023, esteve \u00e0 frente da presid\u00eancia da C\u00e2mara Municipal, consolidando sua atua\u00e7\u00e3o pol\u00edtica e seu compromisso com a comunidade araranguaense.<\/p>\n\n\n\n<p><strong>ASSESSORIA DE COMUNICA\u00c7\u00c3O<\/strong><\/p>\n","protected":false},"excerpt":{"rendered":"<p>A Administra\u00e7\u00e3o Municipal de Ararangu\u00e1 oficializou, nesta quinta-feira, dia 24, a nomea\u00e7\u00e3o de Luciano Zeferino Pires para o cargo de Secret\u00e1rio Adjunto de Governo. Com s\u00f3lida trajet\u00f3ria no setor p\u00fablico, Luciano j\u00e1 ocupou o cargo de Secret\u00e1rio de Esportes, \u00e9 graduado em Educa\u00e7\u00e3o F\u00edsica, acad\u00eamico do curso de Direito, e atuou como vereador por dois [&hellip;]<\/p>\n","protected":false},"author":1,"featured_media":1588,"comment_status":"open","ping_status":"open","sticky":false,"template":"","format":"standard","meta":{"footnotes":""},"categories":[6],"tags":[22,23,24],"class_list":["post-1587","post","type-post","status-publish","format-standard","has-post-thumbnail","hentry","category-politica","tag-22","tag-ararangua","tag-santa-catarina"],"_links":{"self":[{"href":"https:\/\/tvsulcatarinense.com.br\/index.php?rest_route=\/wp\/v2\/posts\/1587","targetHints":{"allow":["GET"]}}],"collection":[{"href":"https:\/\/tvsulcatarinense.com.br\/index.php?rest_route=\/wp\/v2\/posts"}],"about":[{"href":"https:\/\/tvsulcatarinense.com.br\/index.php?rest_route=\/wp\/v2\/types\/post"}],"author":[{"embeddable":true,"href":"https:\/\/tvsulcatarinense.com.br\/index.php?rest_route=\/wp\/v2\/users\/1"}],"replies":[{"embeddable":true,"href":"https:\/\/tvsulcatarinense.com.br\/index.php?rest_route=%2Fwp%2Fv2%2Fcomments&post=1587"}],"version-history":[{"count":1,"href":"https:\/\/tvsulcatarinense.com.br\/index.php?rest_route=\/wp\/v2\/posts\/1587\/revisions"}],"predecessor-version":[{"id":1589,"href":"https:\/\/tvsulcatarinense.com.br\/index.php?rest_route=\/wp\/v2\/posts\/1587\/revisions\/1589"}],"wp:featuredmedia":[{"embeddable":true,"href":"https:\/\/tvsulcatarinense.com.br\/index.php?rest_route=\/wp\/v2\/media\/1588"}],"wp:attachment":[{"href":"https:\/\/tvsulcatarinense.com.br\/index.php?rest_route=%2Fwp%2Fv2%2Fmedia&parent=1587"}],"wp:term":[{"taxonomy":"category","embeddable":true,"href":"https:\/\/tvsulcatarinense.com.br\/index.php?rest_route=%2Fwp%2Fv2%2Fcategories&post=1587"},{"taxonomy":"post_tag","embeddable":true,"href":"https:\/\/tvsulcatarinense.com.br\/index.php?rest_route=%2Fwp%2Fv2%2Ftags&post=1587"}],"curies":[{"name":"wp","href":"https:\/\/api.w.org\/{rel}","templated":true}]}}