{"id":1576,"date":"2025-04-24T18:00:36","date_gmt":"2025-04-24T21:00:36","guid":{"rendered":"https:\/\/tvsulcatarinense.com.br\/?p=1576"},"modified":"2025-04-24T18:00:36","modified_gmt":"2025-04-24T21:00:36","slug":"aprovadas-mocoes-que-tratam-de-classificacao-do-fumo-e-reducao-da-maioridade-penal","status":"publish","type":"post","link":"https:\/\/tvsulcatarinense.com.br\/?p=1576","title":{"rendered":"Aprovadas Mo\u00e7\u00f5es que tratam de classifica\u00e7\u00e3o do fumo e redu\u00e7\u00e3o da maioridade penal"},"content":{"rendered":"\n<p>Em sess\u00e3o realizada nesta quarta-feira, 23, a C\u00e2mara de Vereadores de Ararangu\u00e1 aprovou duas Mo\u00e7\u00f5es relevantes, voltadas para temas significativos: o fortalecimento da agricultura familiar e a seguran\u00e7a p\u00fablica.<\/p>\n\n\n\n<p>A primeira, de autoria do vereador Samuca, \u00e9 uma Mo\u00e7\u00e3o de Apelo direcionada \u00e0 Assembleia Legislativa de Santa Catarina, em apoio ao Projeto de Lei n\u00ba 010\/2023, que prop\u00f5e que a classifica\u00e7\u00e3o do tabaco seja feita diretamente nas propriedades rurais, caso o produtor assim deseje. J\u00e1 a segunda, de iniciativa dos vereadores Diran e Jorge Giraldi, manifesta Apoio \u00e0 PEC 32\/2019, em tramita\u00e7\u00e3o no Senado Federal, que trata da redu\u00e7\u00e3o da maioridade penal de 18 para 16 anos.<\/p>\n\n\n\n<p>\u201cArarangu\u00e1 \u00e9 uma grande produtora de fumo. Ouvimos constantemente o descontentamento dos nossos agricultores com o atual modelo de classifica\u00e7\u00e3o. Essa mudan\u00e7a daria mais autonomia e justi\u00e7a para quem est\u00e1 na ponta do processo, na lavoura\u201d, destacou o vereador Samuca, ao defender o projeto do deputado estadual Sargento Lima.<\/p>\n\n\n\n<p>A proposta j\u00e1 \u00e9 lei no estado do Rio Grande do Sul e beneficiaria diretamente cerca de 55 mil fam\u00edlias produtoras em Santa Catarina.<\/p>\n\n\n\n<p>O Projeto de Lei 10\/2023 prop\u00f5e alterar o atual sistema de classifica\u00e7\u00e3o das folhas de fumo. Atualmente, as empresas compradoras realizam a classifica\u00e7\u00e3o ap\u00f3s o recebimento da mercadoria e definem os pre\u00e7os com base na qualidade avaliada.<\/p>\n\n\n\n<p>A proposta estabelece que, mediante solicita\u00e7\u00e3o do produtor, a classifica\u00e7\u00e3o possa ocorrer na pr\u00f3pria propriedade. Caso o agricultor n\u00e3o concorde com o valor estipulado, ter\u00e1 a liberdade de buscar outro comprador.<\/p>\n\n\n\n<p>No campo da seguran\u00e7a p\u00fablica, a Mo\u00e7\u00e3o de Apoio \u00e0 PEC 32\/2019 foi respaldada pela fala do vereador Jorge Giraldi, que tamb\u00e9m \u00e9 delegado de pol\u00edcia.<\/p>\n\n\n\n<p>\u201cVivemos hoje uma invers\u00e3o de valores. A sociedade est\u00e1 ref\u00e9m da delinqu\u00eancia infanto-juvenil. Os piores crimes est\u00e3o sendo cometidos por menores que, muitas vezes, s\u00e3o aliciados para o tr\u00e1fico. Eles sabem o que est\u00e3o fazendo\u201d, afirmou. Para os proponentes, a proposta busca responder \u00e0 crescente onda de viol\u00eancia e garantir maior prote\u00e7\u00e3o \u00e0 sociedade em geral.<\/p>\n\n\n\n<p>As mo\u00e7\u00f5es ser\u00e3o encaminhadas aos respectivos destinat\u00e1rios como forma de mobiliza\u00e7\u00e3o institucional e pol\u00edtica por parte da C\u00e2mara Municipal de Ararangu\u00e1.<\/p>\n","protected":false},"excerpt":{"rendered":"<p>Em sess\u00e3o realizada nesta quarta-feira, 23, a C\u00e2mara de Vereadores de Ararangu\u00e1 aprovou duas Mo\u00e7\u00f5es relevantes, voltadas para temas significativos: o fortalecimento da agricultura familiar e a seguran\u00e7a p\u00fablica. A primeira, de autoria do vereador Samuca, \u00e9 uma Mo\u00e7\u00e3o de Apelo direcionada \u00e0 Assembleia Legislativa de Santa Catarina, em apoio ao Projeto de Lei n\u00ba [&hellip;]<\/p>\n","protected":false},"author":1,"featured_media":1577,"comment_status":"open","ping_status":"open","sticky":false,"template":"","format":"standard","meta":{"footnotes":""},"categories":[6],"tags":[22,23,24],"class_list":["post-1576","post","type-post","status-publish","format-standard","has-post-thumbnail","hentry","category-politica","tag-22","tag-ararangua","tag-santa-catarina"],"_links":{"self":[{"href":"https:\/\/tvsulcatarinense.com.br\/index.php?rest_route=\/wp\/v2\/posts\/1576","targetHints":{"allow":["GET"]}}],"collection":[{"href":"https:\/\/tvsulcatarinense.com.br\/index.php?rest_route=\/wp\/v2\/posts"}],"about":[{"href":"https:\/\/tvsulcatarinense.com.br\/index.php?rest_route=\/wp\/v2\/types\/post"}],"author":[{"embeddable":true,"href":"https:\/\/tvsulcatarinense.com.br\/index.php?rest_route=\/wp\/v2\/users\/1"}],"replies":[{"embeddable":true,"href":"https:\/\/tvsulcatarinense.com.br\/index.php?rest_route=%2Fwp%2Fv2%2Fcomments&post=1576"}],"version-history":[{"count":1,"href":"https:\/\/tvsulcatarinense.com.br\/index.php?rest_route=\/wp\/v2\/posts\/1576\/revisions"}],"predecessor-version":[{"id":1578,"href":"https:\/\/tvsulcatarinense.com.br\/index.php?rest_route=\/wp\/v2\/posts\/1576\/revisions\/1578"}],"wp:featuredmedia":[{"embeddable":true,"href":"https:\/\/tvsulcatarinense.com.br\/index.php?rest_route=\/wp\/v2\/media\/1577"}],"wp:attachment":[{"href":"https:\/\/tvsulcatarinense.com.br\/index.php?rest_route=%2Fwp%2Fv2%2Fmedia&parent=1576"}],"wp:term":[{"taxonomy":"category","embeddable":true,"href":"https:\/\/tvsulcatarinense.com.br\/index.php?rest_route=%2Fwp%2Fv2%2Fcategories&post=1576"},{"taxonomy":"post_tag","embeddable":true,"href":"https:\/\/tvsulcatarinense.com.br\/index.php?rest_route=%2Fwp%2Fv2%2Ftags&post=1576"}],"curies":[{"name":"wp","href":"https:\/\/api.w.org\/{rel}","templated":true}]}}