{"id":1572,"date":"2025-04-24T16:08:19","date_gmt":"2025-04-24T19:08:19","guid":{"rendered":"https:\/\/tvsulcatarinense.com.br\/?p=1572"},"modified":"2025-04-24T16:08:19","modified_gmt":"2025-04-24T19:08:19","slug":"video-mulher-integrante-de-organizacao-criminosa-e-presa-pela-policia-civil-em-ararangua","status":"publish","type":"post","link":"https:\/\/tvsulcatarinense.com.br\/?p=1572","title":{"rendered":"(VIDEO) Mulher integrante de organiza\u00e7\u00e3o criminosa \u00e9 presa pela pol\u00edcia civil em Ararangu\u00e1 \u00a0"},"content":{"rendered":"\n<p>A pol\u00edcia civil prendeu nesta quarta- feira dia 24, no bairro lago\u00e3o em Ararangu\u00e1, mulher de 35 anos que estava foragida. Ela tem dois mandados de pris\u00e3o por causa de tr\u00e1fico de drogas no estado do Rio Grande do Sul, tendo liga\u00e7\u00e3o com a organiza\u00e7\u00e3o criminosa &#8220;Os manos&#8221; se expandindo para o extremo Sul de Santa Catarina.<\/p>\n\n\n\n<p>Com o apoio da pol\u00edcia ga\u00facha nas investiga\u00e7\u00f5es ela foi levada at\u00e9 o DEAP\/SC e vai aguardar a decis\u00e3o da Justi\u00e7a, as investiga\u00e7\u00f5es continuam para encontrar outras pessoas envolvidas.<\/p>\n\n\n\n<p>Fonte: DIC de Ararangu\u00e1<\/p>\n\n\n\n<figure class=\"wp-block-video\"><video height=\"478\" style=\"aspect-ratio: 848 \/ 478;\" width=\"848\" controls src=\"https:\/\/tvsulcatarinense.com.br\/wp-content\/uploads\/2025\/04\/WhatsApp-Video-2025-04-24-at-14.52.38.mp4\"><\/video><\/figure>\n","protected":false},"excerpt":{"rendered":"<p>A pol\u00edcia civil prendeu nesta quarta- feira dia 24, no bairro lago\u00e3o em Ararangu\u00e1, mulher de 35 anos que estava foragida. Ela tem dois mandados de pris\u00e3o por causa de tr\u00e1fico de drogas no estado do Rio Grande do Sul, tendo liga\u00e7\u00e3o com a organiza\u00e7\u00e3o criminosa &#8220;Os manos&#8221; se expandindo para o extremo Sul de [&hellip;]<\/p>\n","protected":false},"author":1,"featured_media":1574,"comment_status":"open","ping_status":"open","sticky":false,"template":"","format":"standard","meta":{"footnotes":""},"categories":[5],"tags":[22,23,45,24],"class_list":["post-1572","post","type-post","status-publish","format-standard","has-post-thumbnail","hentry","category-seguranca","tag-22","tag-ararangua","tag-pcsc","tag-santa-catarina"],"_links":{"self":[{"href":"https:\/\/tvsulcatarinense.com.br\/index.php?rest_route=\/wp\/v2\/posts\/1572","targetHints":{"allow":["GET"]}}],"collection":[{"href":"https:\/\/tvsulcatarinense.com.br\/index.php?rest_route=\/wp\/v2\/posts"}],"about":[{"href":"https:\/\/tvsulcatarinense.com.br\/index.php?rest_route=\/wp\/v2\/types\/post"}],"author":[{"embeddable":true,"href":"https:\/\/tvsulcatarinense.com.br\/index.php?rest_route=\/wp\/v2\/users\/1"}],"replies":[{"embeddable":true,"href":"https:\/\/tvsulcatarinense.com.br\/index.php?rest_route=%2Fwp%2Fv2%2Fcomments&post=1572"}],"version-history":[{"count":1,"href":"https:\/\/tvsulcatarinense.com.br\/index.php?rest_route=\/wp\/v2\/posts\/1572\/revisions"}],"predecessor-version":[{"id":1575,"href":"https:\/\/tvsulcatarinense.com.br\/index.php?rest_route=\/wp\/v2\/posts\/1572\/revisions\/1575"}],"wp:featuredmedia":[{"embeddable":true,"href":"https:\/\/tvsulcatarinense.com.br\/index.php?rest_route=\/wp\/v2\/media\/1574"}],"wp:attachment":[{"href":"https:\/\/tvsulcatarinense.com.br\/index.php?rest_route=%2Fwp%2Fv2%2Fmedia&parent=1572"}],"wp:term":[{"taxonomy":"category","embeddable":true,"href":"https:\/\/tvsulcatarinense.com.br\/index.php?rest_route=%2Fwp%2Fv2%2Fcategories&post=1572"},{"taxonomy":"post_tag","embeddable":true,"href":"https:\/\/tvsulcatarinense.com.br\/index.php?rest_route=%2Fwp%2Fv2%2Ftags&post=1572"}],"curies":[{"name":"wp","href":"https:\/\/api.w.org\/{rel}","templated":true}]}}