{"id":1564,"date":"2025-04-23T11:09:46","date_gmt":"2025-04-23T14:09:46","guid":{"rendered":"https:\/\/tvsulcatarinense.com.br\/?p=1564"},"modified":"2025-04-23T11:09:46","modified_gmt":"2025-04-23T14:09:46","slug":"camara-de-vereadores-de-balneario-arroio-do-silva-realiza-mais-uma-sessao-e-aprova-indicacoes-com-foco-em-infraestrutura-paisagismo-e-turismo","status":"publish","type":"post","link":"https:\/\/tvsulcatarinense.com.br\/?p=1564","title":{"rendered":"C\u00e2mara de Vereadores de Balne\u00e1rio Arroio do Silva realiza mais uma sess\u00e3o e aprova indica\u00e7\u00f5es com foco em infraestrutura, paisagismo e turismo"},"content":{"rendered":"\n<p>A C\u00e2mara de Vereadores de Balne\u00e1rio Arroio do Silva realizou mais uma sess\u00e3o ordin\u00e1ria nesta ter\u00e7a-feira (22) e foi marcada pela aprova\u00e7\u00e3o de indica\u00e7\u00f5es apresentadas, todas voltadas para melhorias no munic\u00edpio, especialmente nas \u00e1reas de infraestrutura, paisagismo urbano e turismo.<\/p>\n\n\n\n<p>O vereador M\u00e1rcio Macan prop\u00f4s, indicou que a Prefeitura estude a possibilidade de substituir a grama dos canteiros centrais das principais avenidas por pavers intercalados com flores.<\/p>\n\n\n\n<p>A vereadora Maria Alice Luciano apresentou duas indica\u00e7\u00f5es, uma solicitando a pavimenta\u00e7\u00e3o com lajota do trecho final da Rua Jos\u00e9 Augusto da Concei\u00e7\u00e3o, localizada no Bairro Jardim Atl\u00e2ntico e a segunda \u00e9 a instala\u00e7\u00e3o de uma cobertura entre o sagu\u00e3o e o port\u00e3o das escolas Lu\u00edsa Tomasi Scaini, na Praia da Meta, e Jaira Vieira Borges.<\/p>\n\n\n\n<p>J\u00e1 o vereador Clailton de Oliveira apresentou tamb\u00e9m duas indica\u00e7\u00f5es. Na Indica\u00e7\u00e3o n\u00ba 032\/2025, sugeriu a pavimenta\u00e7\u00e3o da Rua Manoel Quintiliano da Silva, na localidade de Vila Isabel e por meio da Indica\u00e7\u00e3o n\u00ba 033\/2025, Clailton prop\u00f4s a instala\u00e7\u00e3o de um deck \u00e0 beira-mar na Praia da Ca\u00e7amba, visando oferecer mais op\u00e7\u00f5es de lazer \u00e0 comunidade e visitantes.<\/p>\n\n\n\n<p>O vereador Elvio Zocche pediu que a prefeitura realize servi\u00e7os de motonivelamento com patrola e aplica\u00e7\u00e3o de seixo rolado na Rua Itopava, tamb\u00e9m na Praia da Ca\u00e7amba e a \u00faltima indica\u00e7\u00e3o aprovada \u00e9 de autoria conjunta do presidente da C\u00e2mara, Pedro Eug\u00eanio Coelho (Pedrinho Coelho), e do vereador Clailton de Oliveira, que prop\u00f5e a pavimenta\u00e7\u00e3o com lajota sextavada da Rua Deom\u00edcio Pereira, no Loteamento Santa Helena<\/p>\n\n\n\n<p>Durante a sess\u00e3o, o presidente Pedrinho Coelho destacou a import\u00e2ncia das indica\u00e7\u00f5es aprovadas. \u201cS\u00e3o reivindica\u00e7\u00f5es leg\u00edtimas, que partem da escuta atenta das necessidades das comunidades.<\/p>\n\n\n\n<p>O papel do vereador \u00e9 justamente esse: intermediar os anseios da popula\u00e7\u00e3o junto ao Executivo e buscar solu\u00e7\u00f5es que melhorem a qualidade de vida de todos\u201d, afirmou o presidente.<\/p>\n","protected":false},"excerpt":{"rendered":"<p>A C\u00e2mara de Vereadores de Balne\u00e1rio Arroio do Silva realizou mais uma sess\u00e3o ordin\u00e1ria nesta ter\u00e7a-feira (22) e foi marcada pela aprova\u00e7\u00e3o de indica\u00e7\u00f5es apresentadas, todas voltadas para melhorias no munic\u00edpio, especialmente nas \u00e1reas de infraestrutura, paisagismo urbano e turismo. O vereador M\u00e1rcio Macan prop\u00f4s, indicou que a Prefeitura estude a possibilidade de substituir a [&hellip;]<\/p>\n","protected":false},"author":1,"featured_media":1565,"comment_status":"open","ping_status":"open","sticky":false,"template":"","format":"standard","meta":{"footnotes":""},"categories":[6],"tags":[22,25,24],"class_list":["post-1564","post","type-post","status-publish","format-standard","has-post-thumbnail","hentry","category-politica","tag-22","tag-balneario-arroio-do-silva","tag-santa-catarina"],"_links":{"self":[{"href":"https:\/\/tvsulcatarinense.com.br\/index.php?rest_route=\/wp\/v2\/posts\/1564","targetHints":{"allow":["GET"]}}],"collection":[{"href":"https:\/\/tvsulcatarinense.com.br\/index.php?rest_route=\/wp\/v2\/posts"}],"about":[{"href":"https:\/\/tvsulcatarinense.com.br\/index.php?rest_route=\/wp\/v2\/types\/post"}],"author":[{"embeddable":true,"href":"https:\/\/tvsulcatarinense.com.br\/index.php?rest_route=\/wp\/v2\/users\/1"}],"replies":[{"embeddable":true,"href":"https:\/\/tvsulcatarinense.com.br\/index.php?rest_route=%2Fwp%2Fv2%2Fcomments&post=1564"}],"version-history":[{"count":1,"href":"https:\/\/tvsulcatarinense.com.br\/index.php?rest_route=\/wp\/v2\/posts\/1564\/revisions"}],"predecessor-version":[{"id":1566,"href":"https:\/\/tvsulcatarinense.com.br\/index.php?rest_route=\/wp\/v2\/posts\/1564\/revisions\/1566"}],"wp:featuredmedia":[{"embeddable":true,"href":"https:\/\/tvsulcatarinense.com.br\/index.php?rest_route=\/wp\/v2\/media\/1565"}],"wp:attachment":[{"href":"https:\/\/tvsulcatarinense.com.br\/index.php?rest_route=%2Fwp%2Fv2%2Fmedia&parent=1564"}],"wp:term":[{"taxonomy":"category","embeddable":true,"href":"https:\/\/tvsulcatarinense.com.br\/index.php?rest_route=%2Fwp%2Fv2%2Fcategories&post=1564"},{"taxonomy":"post_tag","embeddable":true,"href":"https:\/\/tvsulcatarinense.com.br\/index.php?rest_route=%2Fwp%2Fv2%2Ftags&post=1564"}],"curies":[{"name":"wp","href":"https:\/\/api.w.org\/{rel}","templated":true}]}}