{"id":1556,"date":"2025-04-23T10:36:28","date_gmt":"2025-04-23T13:36:28","guid":{"rendered":"https:\/\/tvsulcatarinense.com.br\/?p=1556"},"modified":"2025-04-23T10:36:28","modified_gmt":"2025-04-23T13:36:28","slug":"operacao-estacao-verao-e-encerrada-no-litoral-sul-catarinense","status":"publish","type":"post","link":"https:\/\/tvsulcatarinense.com.br\/?p=1556","title":{"rendered":"Opera\u00e7\u00e3o Esta\u00e7\u00e3o Ver\u00e3o \u00e9 encerrada no litoral sul catarinense"},"content":{"rendered":"\n<p><em>Os postos de guarda-vidas est\u00e3o desativados at\u00e9 a pr\u00f3xima temporada<\/em><\/p>\n\n\n\n<p>O Corpo de Bombeiros Militar de Santa Catarina (CBMSC) encerrou a p\u00f3s-temporada da Opera\u00e7\u00e3o Esta\u00e7\u00e3o Ver\u00e3o 2024\/2025 nas praias do litoral sul catarinense. Com o fim da opera\u00e7\u00e3o, os postos de guarda-vidas deixam de funcionar at\u00e9 o in\u00edcio da pr\u00f3xima temporada.<\/p>\n\n\n\n<p>Durante os 156 dias de opera\u00e7\u00e3o, entre 15 de novembro e 20 de abril, o 4\u00ba Batalh\u00e3o de Bombeiros Militar (4\u00ba BBM) realizou mais de 1,6 milh\u00e3o de a\u00e7\u00f5es preventivas nas cinco praias sob sua circunscri\u00e7\u00e3o: Balne\u00e1rio Rinc\u00e3o, Balne\u00e1rio Arroio do Silva, Balne\u00e1rio Gaivota, Morro dos Conventos e Passo de Torres.<\/p>\n\n\n\n<p>Dividida em tr\u00eas fases \u2014 pr\u00e9-temporada, temporada e p\u00f3s-temporada \u2014, a Opera\u00e7\u00e3o Esta\u00e7\u00e3o Ver\u00e3o \u00e9 considerada a maior mobiliza\u00e7\u00e3o anual do CBMSC, exigindo planejamento estrat\u00e9gico, log\u00edstica detalhada e atua\u00e7\u00e3o constante para garantir a seguran\u00e7a dos veranistas.<\/p>\n\n\n\n<p>O principal destaque da opera\u00e7\u00e3o foi a aus\u00eancia de mortes por afogamento nas \u00e1reas protegidas por guarda-vidas.<\/p>\n\n\n\n<p>\u201cAl\u00e9m do alto n\u00famero de preven\u00e7\u00f5es, encerramos mais uma vez sem nenhum \u00f3bito por afogamento em \u00e1rea guarnecida.<\/p>\n\n\n\n<p>Agora, com a chegada do outono e a diminui\u00e7\u00e3o da movimenta\u00e7\u00e3o nas praias, o servi\u00e7o \u00e9 desmobilizado.<\/p>\n\n\n\n<p>Ainda assim, \u00e9 importante que a popula\u00e7\u00e3o redobre a aten\u00e7\u00e3o ao frequentar locais sem supervis\u00e3o\u201d, refor\u00e7a o subcomandante do 4\u00ba BBM, major Renan Fernandes.<\/p>\n\n\n\n<p>Texto: Edna Schmitz<\/p>\n\n\n\n<p>Fotos: Divulga\u00e7\u00e3o\/CBMSC<\/p>\n\n\n\n<figure class=\"wp-block-image\"><img decoding=\"async\" src=\"https:\/\/uaaau.com.br\/uploads\/blog_25797\/1745415080_2.jpg\" alt=\"\"\/><\/figure>\n\n\n\n<figure class=\"wp-block-image size-large\"><img fetchpriority=\"high\" decoding=\"async\" width=\"1024\" height=\"576\" src=\"https:\/\/tvsulcatarinense.com.br\/wp-content\/uploads\/2025\/04\/1-39-1024x576.jpg\" alt=\"\" class=\"wp-image-1558\" srcset=\"https:\/\/tvsulcatarinense.com.br\/wp-content\/uploads\/2025\/04\/1-39-1024x576.jpg 1024w, https:\/\/tvsulcatarinense.com.br\/wp-content\/uploads\/2025\/04\/1-39-300x169.jpg 300w, https:\/\/tvsulcatarinense.com.br\/wp-content\/uploads\/2025\/04\/1-39-768x432.jpg 768w, https:\/\/tvsulcatarinense.com.br\/wp-content\/uploads\/2025\/04\/1-39.jpg 1280w\" sizes=\"(max-width: 1024px) 100vw, 1024px\" \/><\/figure>\n","protected":false},"excerpt":{"rendered":"<p>Os postos de guarda-vidas est\u00e3o desativados at\u00e9 a pr\u00f3xima temporada O Corpo de Bombeiros Militar de Santa Catarina (CBMSC) encerrou a p\u00f3s-temporada da Opera\u00e7\u00e3o Esta\u00e7\u00e3o Ver\u00e3o 2024\/2025 nas praias do litoral sul catarinense. Com o fim da opera\u00e7\u00e3o, os postos de guarda-vidas deixam de funcionar at\u00e9 o in\u00edcio da pr\u00f3xima temporada. Durante os 156 dias [&hellip;]<\/p>\n","protected":false},"author":1,"featured_media":1557,"comment_status":"open","ping_status":"open","sticky":false,"template":"","format":"standard","meta":{"footnotes":""},"categories":[5],"tags":[22,23,24],"class_list":["post-1556","post","type-post","status-publish","format-standard","has-post-thumbnail","hentry","category-seguranca","tag-22","tag-ararangua","tag-santa-catarina"],"_links":{"self":[{"href":"https:\/\/tvsulcatarinense.com.br\/index.php?rest_route=\/wp\/v2\/posts\/1556","targetHints":{"allow":["GET"]}}],"collection":[{"href":"https:\/\/tvsulcatarinense.com.br\/index.php?rest_route=\/wp\/v2\/posts"}],"about":[{"href":"https:\/\/tvsulcatarinense.com.br\/index.php?rest_route=\/wp\/v2\/types\/post"}],"author":[{"embeddable":true,"href":"https:\/\/tvsulcatarinense.com.br\/index.php?rest_route=\/wp\/v2\/users\/1"}],"replies":[{"embeddable":true,"href":"https:\/\/tvsulcatarinense.com.br\/index.php?rest_route=%2Fwp%2Fv2%2Fcomments&post=1556"}],"version-history":[{"count":1,"href":"https:\/\/tvsulcatarinense.com.br\/index.php?rest_route=\/wp\/v2\/posts\/1556\/revisions"}],"predecessor-version":[{"id":1559,"href":"https:\/\/tvsulcatarinense.com.br\/index.php?rest_route=\/wp\/v2\/posts\/1556\/revisions\/1559"}],"wp:featuredmedia":[{"embeddable":true,"href":"https:\/\/tvsulcatarinense.com.br\/index.php?rest_route=\/wp\/v2\/media\/1557"}],"wp:attachment":[{"href":"https:\/\/tvsulcatarinense.com.br\/index.php?rest_route=%2Fwp%2Fv2%2Fmedia&parent=1556"}],"wp:term":[{"taxonomy":"category","embeddable":true,"href":"https:\/\/tvsulcatarinense.com.br\/index.php?rest_route=%2Fwp%2Fv2%2Fcategories&post=1556"},{"taxonomy":"post_tag","embeddable":true,"href":"https:\/\/tvsulcatarinense.com.br\/index.php?rest_route=%2Fwp%2Fv2%2Ftags&post=1556"}],"curies":[{"name":"wp","href":"https:\/\/api.w.org\/{rel}","templated":true}]}}