{"id":1550,"date":"2025-04-22T16:00:45","date_gmt":"2025-04-22T19:00:45","guid":{"rendered":"https:\/\/tvsulcatarinense.com.br\/?p=1550"},"modified":"2025-04-22T16:00:45","modified_gmt":"2025-04-22T19:00:45","slug":"morro-dos-cavalos-santa-catarina-cobra-solucao-definitiva-em-brasilia","status":"publish","type":"post","link":"https:\/\/tvsulcatarinense.com.br\/?p=1550","title":{"rendered":"Morro dos Cavalos: Santa Catarina cobra solu\u00e7\u00e3o definitiva em Bras\u00edlia"},"content":{"rendered":"\n<p>O deputado estadual Tiago Zilli, presidente da Bancada Regional do Sul na Assembleia Legislativa, embarca nesta ter\u00e7a-feira (22) para Bras\u00edlia com uma miss\u00e3o urgente: lutar por uma solu\u00e7\u00e3o definitiva para o trecho do Morro dos Cavalos, na BR-101, em Palho\u00e7a \u2014 um dos pontos mais perigosos e cr\u00edticos da rodovia federal em Santa Catarina.<\/p>\n\n\n\n<p>Zilli viaja acompanhado do presidente da Assembleia Legislativa, deputado estadual J\u00falio Garcia.<\/p>\n\n\n\n<p>Juntos, eles representam o Parlamento Catarinense em reuni\u00f5es decisivas com o ministro dos Transportes, Renan Filho, e com o diretor da ANTT (Ag\u00eancia Nacional de Transporte Terrestre), Guilherme Sampaio.<\/p>\n\n\n\n<p><strong>Mo\u00e7\u00e3o aprovada em tempo recorde na Alesc impulsiona agenda em Bras\u00edlia<\/strong><\/p>\n\n\n\n<p>A ida \u00e0 capital federal \u00e9 fruto de uma Mo\u00e7\u00e3o apresentada pela Bancada do Sul e aprovada com urg\u00eancia na Alesc no \u00faltimo dia 9 de abril. O documento cobra do Governo Federal agilidade na execu\u00e7\u00e3o dos t\u00faneis prometidos h\u00e1 mais de duas d\u00e9cadas para o Morro dos Cavalos.<\/p>\n\n\n\n<p>Os encontros desta quarta-feira, 23, foram articulados pelo F\u00f3rum Parlamentar Catarinense \u2014 que re\u00fane os tr\u00eas senadores e os 16 deputados federais do Estado \u2014 sob a coordena\u00e7\u00e3o do deputado federal Pedro Uczai (PT), refor\u00e7ando a uni\u00e3o das for\u00e7as pol\u00edticas de Santa Catarina em busca de solu\u00e7\u00f5es concretas para o Morro dos Cavalos.<\/p>\n\n\n\n<p>A pauta ganhou ainda mais for\u00e7a ap\u00f3s o grave acidente ocorrido em 6 de abril, quando um caminh\u00e3o carregado de etanol tombou e pegou fogo, ferindo cinco pessoas e incendiando mais de 25 ve\u00edculos \u2014 um epis\u00f3dio que escancarou a periculosidade do trecho.<\/p>\n\n\n\n<p><strong>Dados: Zilli leva audiovisual e cronologia de acidentes ao encontro com o Governo Federal<\/strong><\/p>\n\n\n\n<p>Zilli levar\u00e1 \u00e0 mesa de negocia\u00e7\u00e3o um documento completo com a cronologia de incidentes registrados nos \u00faltimos 20 anos, al\u00e9m de um material audiovisual com dados de tr\u00e1fego, impacto econ\u00f4mico e os in\u00fameros bloqueios que paralisaram a BR-101 ao longo das \u00faltimas d\u00e9cadas.<\/p>\n\n\n\n<p>\u201cJ\u00e1 s\u00e3o mais de duas d\u00e9cadas de espera.<\/p>\n\n\n\n<p>O Morro dos Cavalos n\u00e3o pode mais esperar. Vamos com di\u00e1logo, respeito e firmeza em busca de um encaminhamento definitivo. N\u00e3o d\u00e1 mais para aceitar promessas vazias enquanto vidas seguem em risco e nossa economia paga essa conta\u201d, afirma Zilli.<\/p>\n\n\n\n<p><strong>Mais de 100 mil ve\u00edculos por dia: um gargalo que trava SC<\/strong><\/p>\n\n\n\n<p>Considerado um dos trechos mais cr\u00edticos da BR-101 Sul, o Morro dos Cavalos registra um fluxo m\u00e9dio de 80 mil ve\u00edculos por dia, podendo ultrapassar 100 mil nos feriados e no ver\u00e3o.<\/p>\n\n\n\n<p>A rodovia corta 32 munic\u00edpios catarinenses, conecta cinco portos e tr\u00eas aeroportos, sendo pe\u00e7a-chave para o escoamento da produ\u00e7\u00e3o industrial e agr\u00edcola do Estado.<\/p>\n\n\n\n<p>\u201cA BR-101 \u00e9 a art\u00e9ria do desenvolvimento de Santa Catarina. Sem a solu\u00e7\u00e3o definitiva para esse trecho, seguimos convivendo com o risco de paralisa\u00e7\u00f5es e trag\u00e9dias.<\/p>\n\n\n\n<p>Nosso movimento em Bras\u00edlia \u00e9 pelo futuro e pela seguran\u00e7a de todos\u201d, refor\u00e7a o deputado.<\/p>\n\n\n\n<figure class=\"wp-block-image size-large\"><img fetchpriority=\"high\" decoding=\"async\" width=\"1024\" height=\"576\" src=\"https:\/\/tvsulcatarinense.com.br\/wp-content\/uploads\/2025\/04\/2-1-1024x576.jpg\" alt=\"\" class=\"wp-image-1552\" srcset=\"https:\/\/tvsulcatarinense.com.br\/wp-content\/uploads\/2025\/04\/2-1-1024x576.jpg 1024w, https:\/\/tvsulcatarinense.com.br\/wp-content\/uploads\/2025\/04\/2-1-300x169.jpg 300w, https:\/\/tvsulcatarinense.com.br\/wp-content\/uploads\/2025\/04\/2-1-768x432.jpg 768w, https:\/\/tvsulcatarinense.com.br\/wp-content\/uploads\/2025\/04\/2-1.jpg 1280w\" sizes=\"(max-width: 1024px) 100vw, 1024px\" \/><\/figure>\n","protected":false},"excerpt":{"rendered":"<p>O deputado estadual Tiago Zilli, presidente da Bancada Regional do Sul na Assembleia Legislativa, embarca nesta ter\u00e7a-feira (22) para Bras\u00edlia com uma miss\u00e3o urgente: lutar por uma solu\u00e7\u00e3o definitiva para o trecho do Morro dos Cavalos, na BR-101, em Palho\u00e7a \u2014 um dos pontos mais perigosos e cr\u00edticos da rodovia federal em Santa Catarina. Zilli [&hellip;]<\/p>\n","protected":false},"author":1,"featured_media":1551,"comment_status":"open","ping_status":"open","sticky":false,"template":"","format":"standard","meta":{"footnotes":""},"categories":[6],"tags":[22,23,24],"class_list":["post-1550","post","type-post","status-publish","format-standard","has-post-thumbnail","hentry","category-politica","tag-22","tag-ararangua","tag-santa-catarina"],"_links":{"self":[{"href":"https:\/\/tvsulcatarinense.com.br\/index.php?rest_route=\/wp\/v2\/posts\/1550","targetHints":{"allow":["GET"]}}],"collection":[{"href":"https:\/\/tvsulcatarinense.com.br\/index.php?rest_route=\/wp\/v2\/posts"}],"about":[{"href":"https:\/\/tvsulcatarinense.com.br\/index.php?rest_route=\/wp\/v2\/types\/post"}],"author":[{"embeddable":true,"href":"https:\/\/tvsulcatarinense.com.br\/index.php?rest_route=\/wp\/v2\/users\/1"}],"replies":[{"embeddable":true,"href":"https:\/\/tvsulcatarinense.com.br\/index.php?rest_route=%2Fwp%2Fv2%2Fcomments&post=1550"}],"version-history":[{"count":1,"href":"https:\/\/tvsulcatarinense.com.br\/index.php?rest_route=\/wp\/v2\/posts\/1550\/revisions"}],"predecessor-version":[{"id":1553,"href":"https:\/\/tvsulcatarinense.com.br\/index.php?rest_route=\/wp\/v2\/posts\/1550\/revisions\/1553"}],"wp:featuredmedia":[{"embeddable":true,"href":"https:\/\/tvsulcatarinense.com.br\/index.php?rest_route=\/wp\/v2\/media\/1551"}],"wp:attachment":[{"href":"https:\/\/tvsulcatarinense.com.br\/index.php?rest_route=%2Fwp%2Fv2%2Fmedia&parent=1550"}],"wp:term":[{"taxonomy":"category","embeddable":true,"href":"https:\/\/tvsulcatarinense.com.br\/index.php?rest_route=%2Fwp%2Fv2%2Fcategories&post=1550"},{"taxonomy":"post_tag","embeddable":true,"href":"https:\/\/tvsulcatarinense.com.br\/index.php?rest_route=%2Fwp%2Fv2%2Ftags&post=1550"}],"curies":[{"name":"wp","href":"https:\/\/api.w.org\/{rel}","templated":true}]}}