{"id":1544,"date":"2025-04-22T14:25:46","date_gmt":"2025-04-22T17:25:46","guid":{"rendered":"https:\/\/tvsulcatarinense.com.br\/?p=1544"},"modified":"2025-04-22T14:25:46","modified_gmt":"2025-04-22T17:25:46","slug":"balanco-operacao-semana-santa-prf-2025","status":"publish","type":"post","link":"https:\/\/tvsulcatarinense.com.br\/?p=1544","title":{"rendered":"Balan\u00e7o Opera\u00e7\u00e3o Semana Santa PRF 2025"},"content":{"rendered":"\n<p><em>Atropelamentos e acidentes com motos marcam superferiad\u00e3o nas BRs catarinenses<\/em><\/p>\n\n\n\n<p>A Pol\u00edcia Rodovi\u00e1ria Federal (PRF) encerrou \u00e0 meia-noite desta segunda-feira (21), a Opera\u00e7\u00e3o Semana Santa 2025. Ao longo dos cinco dias de fiscaliza\u00e7\u00e3o refor\u00e7ada nas rodovias federais, foram registrados 145 acidentes, nos quais 164 pessoas ficaram feridas e nove morreram.<\/p>\n\n\n\n<p>Entre os \u00f3bitos, cinco foram de pedestres atropelados enquanto cruzavam a rodovia.<\/p>\n\n\n\n<p>Os outros quatro \u00f3bitos envolveram motociclistas \u2014 tr\u00eas deles em motos de baixa cilindrada (at\u00e9 150 cm\u00b3).<\/p>\n\n\n\n<p>A opera\u00e7\u00e3o teve in\u00edcio na quinta-feira (17) e foi estendida at\u00e9 dia 21 devido \u00e0 coincid\u00eancia entre o domingo de P\u00e1scoa e o feriado de Tiradentes.<\/p>\n\n\n\n<p>Em raz\u00e3o dessa diferen\u00e7a no per\u00edodo de dura\u00e7\u00e3o, os dados da opera\u00e7\u00e3o deste ano n\u00e3o ser\u00e3o comparados estatisticamente com os de 2024, quando a segunda-feira ap\u00f3s o domingo de P\u00e1scoa foi dia \u00fatil.<\/p>\n\n\n\n<p>Nestes cinco dias, a fiscaliza\u00e7\u00e3o da PRF flagrou 147 motoristas dirigindo sob efeito de \u00e1lcool, 255 ultrapassando em local proibido, 59 manuseando o celular e 3.604 transitando acima da velocidade m\u00e1xima. Al\u00e9m disso, 542 pessoas foram flagradas sem o cinto de seguran\u00e7a e 99 crian\u00e7as estavam viajando fora da cadeirinha.<\/p>\n\n\n\n<p>O perfil dos \u00f3bitos registrados pela PRF refor\u00e7a um desafio estrutural conhecido em Santa Catarina: a depend\u00eancia quase exclusiva da malha federal para deslocamentos intermunicipais e regionais.<\/p>\n\n\n\n<p>O estado conta com poucas rodovias estaduais com fun\u00e7\u00e3o de integra\u00e7\u00e3o, e em muitos casos, as liga\u00e7\u00f5es municipais n\u00e3o s\u00e3o suficientes para absorver o fluxo local.<\/p>\n\n\n\n<p>Como consequ\u00eancia, as BRs acabam concentrando tr\u00e1fego intenso e diversificado, incluindo ve\u00edculos leves, pedestres e motocicletas de uso urbano.<\/p>\n\n\n\n<p>A PRF chama aten\u00e7\u00e3o para o crescimento das cidades \u00e0s margens das rodovias federais, o que transforma trechos originalmente projetados para o tr\u00e1fego de longa dist\u00e2ncia em vias com uso urbano intenso.<\/p>\n\n\n\n<p>A presen\u00e7a de pedestres e motocicletas de baixa cilindrada, desenhadas para trajetos urbanos, passou a ser uma realidade frequente. Isso evidencia a necessidade de investimentos em travessias seguras, passarelas e pontos de acesso planejados.<\/p>\n","protected":false},"excerpt":{"rendered":"<p>Atropelamentos e acidentes com motos marcam superferiad\u00e3o nas BRs catarinenses A Pol\u00edcia Rodovi\u00e1ria Federal (PRF) encerrou \u00e0 meia-noite desta segunda-feira (21), a Opera\u00e7\u00e3o Semana Santa 2025. Ao longo dos cinco dias de fiscaliza\u00e7\u00e3o refor\u00e7ada nas rodovias federais, foram registrados 145 acidentes, nos quais 164 pessoas ficaram feridas e nove morreram. Entre os \u00f3bitos, cinco foram [&hellip;]<\/p>\n","protected":false},"author":1,"featured_media":1545,"comment_status":"open","ping_status":"open","sticky":false,"template":"","format":"standard","meta":{"footnotes":""},"categories":[5],"tags":[22,34,24],"class_list":["post-1544","post","type-post","status-publish","format-standard","has-post-thumbnail","hentry","category-seguranca","tag-22","tag-prfsc","tag-santa-catarina"],"_links":{"self":[{"href":"https:\/\/tvsulcatarinense.com.br\/index.php?rest_route=\/wp\/v2\/posts\/1544","targetHints":{"allow":["GET"]}}],"collection":[{"href":"https:\/\/tvsulcatarinense.com.br\/index.php?rest_route=\/wp\/v2\/posts"}],"about":[{"href":"https:\/\/tvsulcatarinense.com.br\/index.php?rest_route=\/wp\/v2\/types\/post"}],"author":[{"embeddable":true,"href":"https:\/\/tvsulcatarinense.com.br\/index.php?rest_route=\/wp\/v2\/users\/1"}],"replies":[{"embeddable":true,"href":"https:\/\/tvsulcatarinense.com.br\/index.php?rest_route=%2Fwp%2Fv2%2Fcomments&post=1544"}],"version-history":[{"count":1,"href":"https:\/\/tvsulcatarinense.com.br\/index.php?rest_route=\/wp\/v2\/posts\/1544\/revisions"}],"predecessor-version":[{"id":1546,"href":"https:\/\/tvsulcatarinense.com.br\/index.php?rest_route=\/wp\/v2\/posts\/1544\/revisions\/1546"}],"wp:featuredmedia":[{"embeddable":true,"href":"https:\/\/tvsulcatarinense.com.br\/index.php?rest_route=\/wp\/v2\/media\/1545"}],"wp:attachment":[{"href":"https:\/\/tvsulcatarinense.com.br\/index.php?rest_route=%2Fwp%2Fv2%2Fmedia&parent=1544"}],"wp:term":[{"taxonomy":"category","embeddable":true,"href":"https:\/\/tvsulcatarinense.com.br\/index.php?rest_route=%2Fwp%2Fv2%2Fcategories&post=1544"},{"taxonomy":"post_tag","embeddable":true,"href":"https:\/\/tvsulcatarinense.com.br\/index.php?rest_route=%2Fwp%2Fv2%2Ftags&post=1544"}],"curies":[{"name":"wp","href":"https:\/\/api.w.org\/{rel}","templated":true}]}}