{"id":1529,"date":"2025-04-17T10:36:41","date_gmt":"2025-04-17T13:36:41","guid":{"rendered":"https:\/\/tvsulcatarinense.com.br\/?p=1529"},"modified":"2025-04-17T10:36:41","modified_gmt":"2025-04-17T13:36:41","slug":"am-formaturas-recebe-mencao-de-reconhecimento-pelos-23-anos-de-sucesso","status":"publish","type":"post","link":"https:\/\/tvsulcatarinense.com.br\/?p=1529","title":{"rendered":"AM Formaturas recebe Men\u00e7\u00e3o de Reconhecimento pelos 23 anos de sucesso"},"content":{"rendered":"\n<p>Em celebra\u00e7\u00e3o aos 23 anos de hist\u00f3ria e contribui\u00e7\u00e3o significativa para a regi\u00e3o, foi aprovada na noite desta quarta-feira, 16, na 17\u00aa sess\u00e3o da C\u00e2mara de Vereadores de Ararangu\u00e1, uma Mo\u00e7\u00e3o de Reconhecimento \u00e0 empresa AM Organiza\u00e7\u00f5es e Promo\u00e7\u00f5es de Eventos Ltda &#8211; AM Formaturas e entregue um Certificado de Honra ao fundador Ant\u00f4nio Jo\u00e3o Pereira.<\/p>\n\n\n\n<p>A homenagem foi de autoria do vereador Douglas Michels, que ressaltou a import\u00e2ncia da empresa para o desenvolvimento local, econ\u00f4mico e cultural, destacando sua relev\u00e2ncia no setor de eventos.<\/p>\n\n\n\n<p>&#8220;A empresa segue sendo um exemplo de sucesso, n\u00e3o apenas pelo seu crescimento, mas tamb\u00e9m pela sua capacidade de transformar sonhos em momentos inesquec\u00edveis para seus clientes\u201d, justifica o autor da mo\u00e7\u00e3o.<\/p>\n\n\n\n<p>A sess\u00e3o contou com a presen\u00e7a do fundador da empresa, conhecido como Tonh\u00e3o, aniversariante do dia, e de seus familiares, que expressaram agradecimento pela homenagem.<\/p>\n\n\n\n<p>&#8220;Este reconhecimento \u00e9 fruto de muito trabalho e dedica\u00e7\u00e3o, tenho somente a agradecer a Ararangu\u00e1. Quando comecei, n\u00e3o imaginava que chegaria at\u00e9 aqui. Agrade\u00e7o a todos que fizeram parte dessa caminhada, porque este sucesso \u00e9 poss\u00edvel gra\u00e7as ao trabalho de uma equipe maravilhosa, dos filhos que assumiram este desafio comigo e a todos os nossos clientes&#8221;, declarou.<\/p>\n\n\n\n<p>Fundada em 2002, a AM Formaturas \u00e9 considerada a maior empresa de formaturas do Brasil, oferecendo servi\u00e7os completos e personalizados, incluindo formaturas (m\u00e9dia de 100 anualmente) e eventos especiais.<\/p>\n\n\n\n<p>A empresa destaca-se pela inova\u00e7\u00e3o e pela grande estrutura pr\u00f3pria, capaz de realizar at\u00e9 tr\u00eas eventos simult\u00e2neos.<\/p>\n\n\n\n<p>Sua sede, a AM Master Hall, localizada em Crici\u00fama, \u00e9 um dos maiores espa\u00e7os de eventos do sul do Brasil, oferecendo uma infraestrutura de alta qualidade com capacidade para atender grandes demandas, al\u00e9m de bandas pr\u00f3prias e outros recursos exclusivos.<\/p>\n\n\n\n<p>O fundador iniciou suas atividades quando assumiu a organiza\u00e7\u00e3o de uma formatura escolar.<\/p>\n\n\n\n<p>O sucesso do evento impulsionou a expans\u00e3o da empresa, que logo se consolidou como refer\u00eancia no mercado regional e nacional.<\/p>\n\n\n\n<p>A trajet\u00f3ria da AM Formaturas \u00e9 marcada pela resili\u00eancia e vis\u00e3o empreendedora de Ant\u00f4nio.<\/p>\n\n\n\n<p>Mesmo diante dos desafios impostos, entre eles a pandemia, a empresa manteve sua estrutura e continuou a inovar, adaptando-se \u00e0s novas realidades do mercado.<\/p>\n\n\n\n<figure class=\"wp-block-image\"><img decoding=\"async\" src=\"https:\/\/uaaau.com.br\/uploads\/blog_25785\/1744896758_2.jpg\" alt=\"\"\/><\/figure>\n\n\n\n<figure class=\"wp-block-image size-large\"><img fetchpriority=\"high\" decoding=\"async\" width=\"1024\" height=\"576\" src=\"https:\/\/tvsulcatarinense.com.br\/wp-content\/uploads\/2025\/04\/1-36-1024x576.jpg\" alt=\"\" class=\"wp-image-1531\" srcset=\"https:\/\/tvsulcatarinense.com.br\/wp-content\/uploads\/2025\/04\/1-36-1024x576.jpg 1024w, https:\/\/tvsulcatarinense.com.br\/wp-content\/uploads\/2025\/04\/1-36-300x169.jpg 300w, https:\/\/tvsulcatarinense.com.br\/wp-content\/uploads\/2025\/04\/1-36-768x432.jpg 768w, https:\/\/tvsulcatarinense.com.br\/wp-content\/uploads\/2025\/04\/1-36.jpg 1280w\" sizes=\"(max-width: 1024px) 100vw, 1024px\" \/><\/figure>\n\n\n\n<figure class=\"wp-block-image\"><img decoding=\"async\" src=\"https:\/\/uaaau.com.br\/uploads\/blog_25785\/1744896759_4.jpg\" alt=\"\"\/><\/figure>\n\n\n\n<p><\/p>\n","protected":false},"excerpt":{"rendered":"<p>Em celebra\u00e7\u00e3o aos 23 anos de hist\u00f3ria e contribui\u00e7\u00e3o significativa para a regi\u00e3o, foi aprovada na noite desta quarta-feira, 16, na 17\u00aa sess\u00e3o da C\u00e2mara de Vereadores de Ararangu\u00e1, uma Mo\u00e7\u00e3o de Reconhecimento \u00e0 empresa AM Organiza\u00e7\u00f5es e Promo\u00e7\u00f5es de Eventos Ltda &#8211; AM Formaturas e entregue um Certificado de Honra ao fundador Ant\u00f4nio Jo\u00e3o [&hellip;]<\/p>\n","protected":false},"author":1,"featured_media":1530,"comment_status":"open","ping_status":"open","sticky":false,"template":"","format":"standard","meta":{"footnotes":""},"categories":[6],"tags":[22,23,24],"class_list":["post-1529","post","type-post","status-publish","format-standard","has-post-thumbnail","hentry","category-politica","tag-22","tag-ararangua","tag-santa-catarina"],"_links":{"self":[{"href":"https:\/\/tvsulcatarinense.com.br\/index.php?rest_route=\/wp\/v2\/posts\/1529","targetHints":{"allow":["GET"]}}],"collection":[{"href":"https:\/\/tvsulcatarinense.com.br\/index.php?rest_route=\/wp\/v2\/posts"}],"about":[{"href":"https:\/\/tvsulcatarinense.com.br\/index.php?rest_route=\/wp\/v2\/types\/post"}],"author":[{"embeddable":true,"href":"https:\/\/tvsulcatarinense.com.br\/index.php?rest_route=\/wp\/v2\/users\/1"}],"replies":[{"embeddable":true,"href":"https:\/\/tvsulcatarinense.com.br\/index.php?rest_route=%2Fwp%2Fv2%2Fcomments&post=1529"}],"version-history":[{"count":1,"href":"https:\/\/tvsulcatarinense.com.br\/index.php?rest_route=\/wp\/v2\/posts\/1529\/revisions"}],"predecessor-version":[{"id":1532,"href":"https:\/\/tvsulcatarinense.com.br\/index.php?rest_route=\/wp\/v2\/posts\/1529\/revisions\/1532"}],"wp:featuredmedia":[{"embeddable":true,"href":"https:\/\/tvsulcatarinense.com.br\/index.php?rest_route=\/wp\/v2\/media\/1530"}],"wp:attachment":[{"href":"https:\/\/tvsulcatarinense.com.br\/index.php?rest_route=%2Fwp%2Fv2%2Fmedia&parent=1529"}],"wp:term":[{"taxonomy":"category","embeddable":true,"href":"https:\/\/tvsulcatarinense.com.br\/index.php?rest_route=%2Fwp%2Fv2%2Fcategories&post=1529"},{"taxonomy":"post_tag","embeddable":true,"href":"https:\/\/tvsulcatarinense.com.br\/index.php?rest_route=%2Fwp%2Fv2%2Ftags&post=1529"}],"curies":[{"name":"wp","href":"https:\/\/api.w.org\/{rel}","templated":true}]}}