{"id":1512,"date":"2025-04-16T13:51:28","date_gmt":"2025-04-16T16:51:28","guid":{"rendered":"https:\/\/tvsulcatarinense.com.br\/?p=1512"},"modified":"2025-04-16T13:51:28","modified_gmt":"2025-04-16T16:51:28","slug":"tiago-zilli-garante-r-1-milhao-em-emendas-para-santa-rosa-do-sul","status":"publish","type":"post","link":"https:\/\/tvsulcatarinense.com.br\/?p=1512","title":{"rendered":"Tiago Zilli garante R$ 1 milh\u00e3o em emendas para Santa Rosa do Sul"},"content":{"rendered":"\n<p><strong>Santa Rosa do Sul<\/strong><\/p>\n\n\n\n<p>Em reuni\u00e3o realizada no seu gabinete, o prefeito de Santa Rosa do Sul, Almides Roberg da Rosa, recebeu o deputado estadual Tiago Zilli na companhia de lideran\u00e7as p\u00fablicas e partid\u00e1rias, garantindo o encaminhamento de emendas para investimentos no munic\u00edpio.<\/p>\n\n\n\n<p>O prefeito Almides, al\u00e9m do vice-prefeito Pedro D`\u00c1vila da Cunha, vereadores, secret\u00e1rios municipais e lideran\u00e7as do MDB, recepcionaram comitiva do deputado Tiago Zilli em passagem por munic\u00edpios da regi\u00e3o.<\/p>\n\n\n\n<p>\u201cFelizmente, contamos com importantes parceiros que contribuem com recursos para investir em Santa Rosa do Sul. O Tiago Zilli \u00e9 um grande parceiro de nosso munic\u00edpio\u201d, comentou Almides.<\/p>\n\n\n\n<p>A primeira emenda destinada pelo parlamentar foi investida na reforma do posto de sa\u00fade do bairro Vila Nova, que aguarda a chegada dos m\u00f3veis para sua inaugura\u00e7\u00e3o.<\/p>\n\n\n\n<p>Outras emendas ser\u00e3o destinadas para obras como a pra\u00e7a da comunidade de Sanga da Areia e pavimenta\u00e7\u00f5es.<\/p>\n","protected":false},"excerpt":{"rendered":"<p>Santa Rosa do Sul Em reuni\u00e3o realizada no seu gabinete, o prefeito de Santa Rosa do Sul, Almides Roberg da Rosa, recebeu o deputado estadual Tiago Zilli na companhia de lideran\u00e7as p\u00fablicas e partid\u00e1rias, garantindo o encaminhamento de emendas para investimentos no munic\u00edpio. O prefeito Almides, al\u00e9m do vice-prefeito Pedro D`\u00c1vila da Cunha, vereadores, secret\u00e1rios [&hellip;]<\/p>\n","protected":false},"author":1,"featured_media":1513,"comment_status":"open","ping_status":"open","sticky":false,"template":"","format":"standard","meta":{"footnotes":""},"categories":[6],"tags":[22,24,58],"class_list":["post-1512","post","type-post","status-publish","format-standard","has-post-thumbnail","hentry","category-politica","tag-22","tag-santa-catarina","tag-tiago-zilli"],"_links":{"self":[{"href":"https:\/\/tvsulcatarinense.com.br\/index.php?rest_route=\/wp\/v2\/posts\/1512","targetHints":{"allow":["GET"]}}],"collection":[{"href":"https:\/\/tvsulcatarinense.com.br\/index.php?rest_route=\/wp\/v2\/posts"}],"about":[{"href":"https:\/\/tvsulcatarinense.com.br\/index.php?rest_route=\/wp\/v2\/types\/post"}],"author":[{"embeddable":true,"href":"https:\/\/tvsulcatarinense.com.br\/index.php?rest_route=\/wp\/v2\/users\/1"}],"replies":[{"embeddable":true,"href":"https:\/\/tvsulcatarinense.com.br\/index.php?rest_route=%2Fwp%2Fv2%2Fcomments&post=1512"}],"version-history":[{"count":1,"href":"https:\/\/tvsulcatarinense.com.br\/index.php?rest_route=\/wp\/v2\/posts\/1512\/revisions"}],"predecessor-version":[{"id":1514,"href":"https:\/\/tvsulcatarinense.com.br\/index.php?rest_route=\/wp\/v2\/posts\/1512\/revisions\/1514"}],"wp:featuredmedia":[{"embeddable":true,"href":"https:\/\/tvsulcatarinense.com.br\/index.php?rest_route=\/wp\/v2\/media\/1513"}],"wp:attachment":[{"href":"https:\/\/tvsulcatarinense.com.br\/index.php?rest_route=%2Fwp%2Fv2%2Fmedia&parent=1512"}],"wp:term":[{"taxonomy":"category","embeddable":true,"href":"https:\/\/tvsulcatarinense.com.br\/index.php?rest_route=%2Fwp%2Fv2%2Fcategories&post=1512"},{"taxonomy":"post_tag","embeddable":true,"href":"https:\/\/tvsulcatarinense.com.br\/index.php?rest_route=%2Fwp%2Fv2%2Ftags&post=1512"}],"curies":[{"name":"wp","href":"https:\/\/api.w.org\/{rel}","templated":true}]}}