{"id":1508,"date":"2025-04-16T11:27:43","date_gmt":"2025-04-16T14:27:43","guid":{"rendered":"https:\/\/tvsulcatarinense.com.br\/?p=1508"},"modified":"2025-04-16T11:27:43","modified_gmt":"2025-04-16T14:27:43","slug":"audiencia-em-sombrio-reforca-compromissos-e-alinha-acoes-para-o-desenvolvimento-do-turismo-em-2025","status":"publish","type":"post","link":"https:\/\/tvsulcatarinense.com.br\/?p=1508","title":{"rendered":"Audi\u00eancia em Sombrio refor\u00e7a compromissos e alinha a\u00e7\u00f5es para o desenvolvimento do turismo em 2025"},"content":{"rendered":"\n<p>Sombrio \u2013 A regi\u00e3o do Extremo Sul de Santa Catarina deu mais um passo decisivo para o fortalecimento do turismo regional. Na tarde de ontem (15), foi realizada uma audi\u00eancia estrat\u00e9gica entre a Secretaria de Estado do Turismo, a Inst\u00e2ncia de Governan\u00e7a Regional (IGR) Caminho dos C\u00e2nions do Sul e os membros do Colegiado de Turismo da AMESC, com o objetivo de alinhar as principais demandas e estreitar la\u00e7os com o Governo do Estado para a constru\u00e7\u00e3o conjunta do plano de a\u00e7\u00f5es para o ano de 2025.<\/p>\n\n\n\n<p>O encontro ocorreu no munic\u00edpio de Sombrio e foi liderado pela presidente da IGR, Itayonara Reco, que destacou a import\u00e2ncia do momento para a articula\u00e7\u00e3o regional.<\/p>\n\n\n\n<p>\u201cFoi uma tarde muito significativa. Trouxemos nossas pautas mais urgentes, ouvimos atentamente as diretrizes do Estado e sa\u00edmos confiantes de que estamos no caminho certo. A Secretaria de Turismo demonstrou total abertura e sensibilidade com as necessidades da nossa regi\u00e3o, que hoje \u00e9 refer\u00eancia em turismo de natureza em Santa Catarina\u201d, afirmou Itayonara.<\/p>\n\n\n\n<p>Representando o Governo do Estado, a diretora de Planejamento e Desenvolvimento Tur\u00edstico, Dirlei Duarte, reafirmou o compromisso da gest\u00e3o estadual com os munic\u00edpios do sul.<\/p>\n\n\n\n<p>\u201cO Extremo Sul catarinense tem se consolidado como um dos destinos mais promissores do nosso Estado. O trabalho conjunto entre a IGR, a AMESC e os munic\u00edpios \u00e9 um exemplo de organiza\u00e7\u00e3o e planejamento. O Governo est\u00e1 atento \u00e0s necessidades e seguir\u00e1 apoiando iniciativas que impulsionem o turismo e promovam o desenvolvimento regional sustent\u00e1vel\u201d, ressaltou Dirlei.<\/p>\n\n\n\n<p>Durante a audi\u00eancia, foram debatidas pautas como a qualifica\u00e7\u00e3o da m\u00e3o de obra local, melhorias em acessos estrat\u00e9gicos, sinaliza\u00e7\u00e3o tur\u00edstica, campanhas de divulga\u00e7\u00e3o em parceria com a Santur e a capta\u00e7\u00e3o de recursos para infraestrutura em pontos tur\u00edsticos dos munic\u00edpios que integram o Caminho dos C\u00e2nions do Sul.<\/p>\n\n\n\n<p>Para o coordenador de Turismo e Cultura da AMESC, Jorge Scandolara, a uni\u00e3o das lideran\u00e7as locais com o Estado \u00e9 essencial para garantir avan\u00e7os concretos. \u201cA integra\u00e7\u00e3o entre a AMESC, a IGR e a Secretaria de Estado \u00e9 fundamental para que nossas a\u00e7\u00f5es sejam efetivas e duradouras. Estamos construindo uma governan\u00e7a tur\u00edstica s\u00f3lida e articulada, que valoriza o potencial da nossa regi\u00e3o e trabalha por um futuro ainda mais promissor para os munic\u00edpios do Extremo Sul\u201d, destacou Jorge.<\/p>\n\n\n\n<p>O encontro foi encerrado com o compromisso de manter o di\u00e1logo cont\u00ednuo entre as entidades envolvidas, reafirmando que o Extremo Sul seguir\u00e1 sendo prioridade nos planos de investimento do Estado e se consolidando como um dos principais polos tur\u00edsticos de Santa Catarina.<\/p>\n","protected":false},"excerpt":{"rendered":"<p>Sombrio \u2013 A regi\u00e3o do Extremo Sul de Santa Catarina deu mais um passo decisivo para o fortalecimento do turismo regional. Na tarde de ontem (15), foi realizada uma audi\u00eancia estrat\u00e9gica entre a Secretaria de Estado do Turismo, a Inst\u00e2ncia de Governan\u00e7a Regional (IGR) Caminho dos C\u00e2nions do Sul e os membros do Colegiado de [&hellip;]<\/p>\n","protected":false},"author":1,"featured_media":1509,"comment_status":"open","ping_status":"open","sticky":false,"template":"","format":"standard","meta":{"footnotes":""},"categories":[9],"tags":[22,24,32],"class_list":["post-1508","post","type-post","status-publish","format-standard","has-post-thumbnail","hentry","category-turismo","tag-22","tag-santa-catarina","tag-sombrio"],"_links":{"self":[{"href":"https:\/\/tvsulcatarinense.com.br\/index.php?rest_route=\/wp\/v2\/posts\/1508","targetHints":{"allow":["GET"]}}],"collection":[{"href":"https:\/\/tvsulcatarinense.com.br\/index.php?rest_route=\/wp\/v2\/posts"}],"about":[{"href":"https:\/\/tvsulcatarinense.com.br\/index.php?rest_route=\/wp\/v2\/types\/post"}],"author":[{"embeddable":true,"href":"https:\/\/tvsulcatarinense.com.br\/index.php?rest_route=\/wp\/v2\/users\/1"}],"replies":[{"embeddable":true,"href":"https:\/\/tvsulcatarinense.com.br\/index.php?rest_route=%2Fwp%2Fv2%2Fcomments&post=1508"}],"version-history":[{"count":1,"href":"https:\/\/tvsulcatarinense.com.br\/index.php?rest_route=\/wp\/v2\/posts\/1508\/revisions"}],"predecessor-version":[{"id":1510,"href":"https:\/\/tvsulcatarinense.com.br\/index.php?rest_route=\/wp\/v2\/posts\/1508\/revisions\/1510"}],"wp:featuredmedia":[{"embeddable":true,"href":"https:\/\/tvsulcatarinense.com.br\/index.php?rest_route=\/wp\/v2\/media\/1509"}],"wp:attachment":[{"href":"https:\/\/tvsulcatarinense.com.br\/index.php?rest_route=%2Fwp%2Fv2%2Fmedia&parent=1508"}],"wp:term":[{"taxonomy":"category","embeddable":true,"href":"https:\/\/tvsulcatarinense.com.br\/index.php?rest_route=%2Fwp%2Fv2%2Fcategories&post=1508"},{"taxonomy":"post_tag","embeddable":true,"href":"https:\/\/tvsulcatarinense.com.br\/index.php?rest_route=%2Fwp%2Fv2%2Ftags&post=1508"}],"curies":[{"name":"wp","href":"https:\/\/api.w.org\/{rel}","templated":true}]}}