{"id":1504,"date":"2025-04-16T11:12:41","date_gmt":"2025-04-16T14:12:41","guid":{"rendered":"https:\/\/tvsulcatarinense.com.br\/?p=1504"},"modified":"2025-04-16T11:12:41","modified_gmt":"2025-04-16T14:12:41","slug":"vereadores-de-balneario-arroio-do-silva-aprovam-projetos-de-nomeacao-de-ruas-e-sessao-conta-com-presenca-de-entidades-filantropicas","status":"publish","type":"post","link":"https:\/\/tvsulcatarinense.com.br\/?p=1504","title":{"rendered":"Vereadores de Balne\u00e1rio Arroio do Silva aprovam projetos de nomea\u00e7\u00e3o de ruas e sess\u00e3o conta com presen\u00e7a de entidades filantr\u00f3picas"},"content":{"rendered":"\n<p>Na sess\u00e3o ordin\u00e1ria desta ter\u00e7a-feira (15) a C\u00e2mara de Vereadores de Balne\u00e1rio Arroio do Silva, foram aprovados projetos de nomea\u00e7\u00e3o de vias p\u00fablicas, al\u00e9m da participa\u00e7\u00e3o especial de representantes de entidades filantr\u00f3picas do munic\u00edpio.<\/p>\n\n\n\n<p>Entre os destaques, o Projeto de Lei 004\/2025, de autoria do vereador M\u00e1rcio Macan (MDB), foi aprovado, nomeando a atual Avenida Lagoa da Serra, no bairro Golden Park, como Avenida Adyr Francisco.<\/p>\n\n\n\n<p>Tamb\u00e9m foram aprovados dois projetos de autoria do vereador Vado Leandro (PSD): o Projeto 005\/2025, que denomina a atual Rua P, na Praia do Maracuj\u00e1, como Rua Jerci Casagrande, e a atual Rua O, localizada entre as quadras A6 e A7 da mesma localidade, como Rua Rinaldo Lucchesi Filho.<\/p>\n\n\n\n<p>J\u00e1 o vereador Wandrei Barreto (Progressistas) teve aprovado o Projeto 007\/2025, que d\u00e1 o nome de Rua Alvani dos Santos Zeferino \u00e0 atual Rua L, no loteamento Guairac\u00e1.<\/p>\n\n\n\n<p>Al\u00e9m das vota\u00e7\u00f5es, a sess\u00e3o foi marcada pela presen\u00e7a na tribuna de representantes de institui\u00e7\u00f5es que atuam em prol da sociedade arroio-silvense. Estiveram presentes a diretora da APAE, Rose Naguel, a representante do do Coral Municipal, Jaciara Silveira, o presidente da Federa\u00e7\u00e3o de Jiu-J\u00edtsu, Carlos Batista, e a diretora do Departamento de Educa\u00e7\u00e3o Especial, Berecine Fontanella.<\/p>\n\n\n\n<p>O presidente da C\u00e2mara, vereador Pedrinho Coelho, destacou a import\u00e2ncia da sess\u00e3o tanto no aspecto legislativo quanto no social. \u201cHoje tivemos uma sess\u00e3o muito significativa, em que homenageamos cidad\u00e3os que deixaram um legado importante para nosso munic\u00edpio, por meio da nomea\u00e7\u00e3o de ruas. Tamb\u00e9m recebemos com grande satisfa\u00e7\u00e3o representantes de entidades que fazem a diferen\u00e7a todos os dias em nossa comunidade. \u00c9 esse di\u00e1logo que fortalece a constru\u00e7\u00e3o de uma cidade mais justa e acolhedora para todos\u201d, disse.<\/p>\n\n\n\n<figure class=\"wp-block-image\"><img decoding=\"async\" src=\"https:\/\/uaaau.com.br\/uploads\/blog_25775\/1744812493_2.jpg\" alt=\"\"\/><\/figure>\n\n\n\n<figure class=\"wp-block-image size-large\"><img fetchpriority=\"high\" decoding=\"async\" width=\"1024\" height=\"576\" src=\"https:\/\/tvsulcatarinense.com.br\/wp-content\/uploads\/2025\/04\/1-32-1024x576.jpg\" alt=\"\" class=\"wp-image-1506\" srcset=\"https:\/\/tvsulcatarinense.com.br\/wp-content\/uploads\/2025\/04\/1-32-1024x576.jpg 1024w, https:\/\/tvsulcatarinense.com.br\/wp-content\/uploads\/2025\/04\/1-32-300x169.jpg 300w, https:\/\/tvsulcatarinense.com.br\/wp-content\/uploads\/2025\/04\/1-32-768x432.jpg 768w, https:\/\/tvsulcatarinense.com.br\/wp-content\/uploads\/2025\/04\/1-32.jpg 1280w\" sizes=\"(max-width: 1024px) 100vw, 1024px\" \/><\/figure>\n","protected":false},"excerpt":{"rendered":"<p>Na sess\u00e3o ordin\u00e1ria desta ter\u00e7a-feira (15) a C\u00e2mara de Vereadores de Balne\u00e1rio Arroio do Silva, foram aprovados projetos de nomea\u00e7\u00e3o de vias p\u00fablicas, al\u00e9m da participa\u00e7\u00e3o especial de representantes de entidades filantr\u00f3picas do munic\u00edpio. Entre os destaques, o Projeto de Lei 004\/2025, de autoria do vereador M\u00e1rcio Macan (MDB), foi aprovado, nomeando a atual Avenida [&hellip;]<\/p>\n","protected":false},"author":1,"featured_media":1505,"comment_status":"open","ping_status":"open","sticky":false,"template":"","format":"standard","meta":{"footnotes":""},"categories":[6],"tags":[22,25,24],"class_list":["post-1504","post","type-post","status-publish","format-standard","has-post-thumbnail","hentry","category-politica","tag-22","tag-balneario-arroio-do-silva","tag-santa-catarina"],"_links":{"self":[{"href":"https:\/\/tvsulcatarinense.com.br\/index.php?rest_route=\/wp\/v2\/posts\/1504","targetHints":{"allow":["GET"]}}],"collection":[{"href":"https:\/\/tvsulcatarinense.com.br\/index.php?rest_route=\/wp\/v2\/posts"}],"about":[{"href":"https:\/\/tvsulcatarinense.com.br\/index.php?rest_route=\/wp\/v2\/types\/post"}],"author":[{"embeddable":true,"href":"https:\/\/tvsulcatarinense.com.br\/index.php?rest_route=\/wp\/v2\/users\/1"}],"replies":[{"embeddable":true,"href":"https:\/\/tvsulcatarinense.com.br\/index.php?rest_route=%2Fwp%2Fv2%2Fcomments&post=1504"}],"version-history":[{"count":1,"href":"https:\/\/tvsulcatarinense.com.br\/index.php?rest_route=\/wp\/v2\/posts\/1504\/revisions"}],"predecessor-version":[{"id":1507,"href":"https:\/\/tvsulcatarinense.com.br\/index.php?rest_route=\/wp\/v2\/posts\/1504\/revisions\/1507"}],"wp:featuredmedia":[{"embeddable":true,"href":"https:\/\/tvsulcatarinense.com.br\/index.php?rest_route=\/wp\/v2\/media\/1505"}],"wp:attachment":[{"href":"https:\/\/tvsulcatarinense.com.br\/index.php?rest_route=%2Fwp%2Fv2%2Fmedia&parent=1504"}],"wp:term":[{"taxonomy":"category","embeddable":true,"href":"https:\/\/tvsulcatarinense.com.br\/index.php?rest_route=%2Fwp%2Fv2%2Fcategories&post=1504"},{"taxonomy":"post_tag","embeddable":true,"href":"https:\/\/tvsulcatarinense.com.br\/index.php?rest_route=%2Fwp%2Fv2%2Ftags&post=1504"}],"curies":[{"name":"wp","href":"https:\/\/api.w.org\/{rel}","templated":true}]}}