{"id":1497,"date":"2025-04-16T10:18:53","date_gmt":"2025-04-16T13:18:53","guid":{"rendered":"https:\/\/tvsulcatarinense.com.br\/?p=1497"},"modified":"2025-04-16T10:18:53","modified_gmt":"2025-04-16T13:18:53","slug":"ararangua-pm-apreende-drogas-em-terreno-baldio-no-bairro-divineia","status":"publish","type":"post","link":"https:\/\/tvsulcatarinense.com.br\/?p=1497","title":{"rendered":"Ararangu\u00e1: PM apreende drogas em terreno baldio no bairro Divin\u00e9ia"},"content":{"rendered":"\n<p>Na noite desta ter\u00e7a-feira (15), por volta de 00h30, a Pol\u00edcia Militar de Ararangu\u00e1 foi acionada para se deslocar at\u00e9 o bairro Divin\u00e9ia ap\u00f3s receber um chamado, onde o solicitante, relatou ter ouvido conversas ao lado de sua casa, e estava suspeitando que seu terreno tivesse sido invadido.<\/p>\n\n\n\n<p>Rondas foram feitas, mas ningu\u00e9m foi encontrado.<\/p>\n\n\n\n<p>A guarni\u00e7\u00e3o se dirigiu at\u00e9 um terreno baldio pr\u00f3ximo dali, onde encontrou 21 por\u00e7\u00f5es de uma subst\u00e2ncia semelhante \u00e0 maconha, pesando cerca de 52,3 gramas.<\/p>\n\n\n\n<p>A droga foi apreendida, mas o dono dos entorpecentes n\u00e3o foi localizado, e&nbsp; ningu\u00e9m foi preso.<\/p>\n\n\n\n<p>Foto: PMSC<\/p>\n","protected":false},"excerpt":{"rendered":"<p>Na noite desta ter\u00e7a-feira (15), por volta de 00h30, a Pol\u00edcia Militar de Ararangu\u00e1 foi acionada para se deslocar at\u00e9 o bairro Divin\u00e9ia ap\u00f3s receber um chamado, onde o solicitante, relatou ter ouvido conversas ao lado de sua casa, e estava suspeitando que seu terreno tivesse sido invadido. Rondas foram feitas, mas ningu\u00e9m foi encontrado. [&hellip;]<\/p>\n","protected":false},"author":1,"featured_media":1498,"comment_status":"open","ping_status":"open","sticky":false,"template":"","format":"standard","meta":{"footnotes":""},"categories":[5],"tags":[22,23,24],"class_list":["post-1497","post","type-post","status-publish","format-standard","has-post-thumbnail","hentry","category-seguranca","tag-22","tag-ararangua","tag-santa-catarina"],"_links":{"self":[{"href":"https:\/\/tvsulcatarinense.com.br\/index.php?rest_route=\/wp\/v2\/posts\/1497","targetHints":{"allow":["GET"]}}],"collection":[{"href":"https:\/\/tvsulcatarinense.com.br\/index.php?rest_route=\/wp\/v2\/posts"}],"about":[{"href":"https:\/\/tvsulcatarinense.com.br\/index.php?rest_route=\/wp\/v2\/types\/post"}],"author":[{"embeddable":true,"href":"https:\/\/tvsulcatarinense.com.br\/index.php?rest_route=\/wp\/v2\/users\/1"}],"replies":[{"embeddable":true,"href":"https:\/\/tvsulcatarinense.com.br\/index.php?rest_route=%2Fwp%2Fv2%2Fcomments&post=1497"}],"version-history":[{"count":1,"href":"https:\/\/tvsulcatarinense.com.br\/index.php?rest_route=\/wp\/v2\/posts\/1497\/revisions"}],"predecessor-version":[{"id":1499,"href":"https:\/\/tvsulcatarinense.com.br\/index.php?rest_route=\/wp\/v2\/posts\/1497\/revisions\/1499"}],"wp:featuredmedia":[{"embeddable":true,"href":"https:\/\/tvsulcatarinense.com.br\/index.php?rest_route=\/wp\/v2\/media\/1498"}],"wp:attachment":[{"href":"https:\/\/tvsulcatarinense.com.br\/index.php?rest_route=%2Fwp%2Fv2%2Fmedia&parent=1497"}],"wp:term":[{"taxonomy":"category","embeddable":true,"href":"https:\/\/tvsulcatarinense.com.br\/index.php?rest_route=%2Fwp%2Fv2%2Fcategories&post=1497"},{"taxonomy":"post_tag","embeddable":true,"href":"https:\/\/tvsulcatarinense.com.br\/index.php?rest_route=%2Fwp%2Fv2%2Ftags&post=1497"}],"curies":[{"name":"wp","href":"https:\/\/api.w.org\/{rel}","templated":true}]}}