{"id":1485,"date":"2025-04-15T11:21:33","date_gmt":"2025-04-15T14:21:33","guid":{"rendered":"https:\/\/tvsulcatarinense.com.br\/?p=1485"},"modified":"2025-04-15T14:27:25","modified_gmt":"2025-04-15T17:27:25","slug":"emocionado-vereador-jorge-ghiraldo-comemora-retorno-as-funcoes-de-delegado-em-ararangua","status":"publish","type":"post","link":"https:\/\/tvsulcatarinense.com.br\/?p=1485","title":{"rendered":"Emocionado, vereador Jorge Giraldi comemora retorno \u00e0s fun\u00e7\u00f5es de Delegado em Ararangu\u00e1"},"content":{"rendered":"\n<p>Em uma sess\u00e3o marcada por emo\u00e7\u00e3o e aplausos na C\u00e2mara de Vereadores de Ararangu\u00e1, o vereador Jorge Giraldi subiu \u00e0 Tribuna na noite desta segunda-feira, 14, para anunciar e comemorar seu retorno oficial \u00e0s fun\u00e7\u00f5es de delegado da Pol\u00edcia Civil no munic\u00edpio.<\/p>\n\n\n\n<p>A not\u00edcia veio ap\u00f3s a publica\u00e7\u00e3o nesta data da Portaria assinada pelo delegado-geral da Pol\u00edcia Civil de Santa Catarina, Ulisses Gabriel, que designa Giraldi, atualmente lotado na DPCO de Crici\u00fama, para atuar na Central de Plant\u00e3o Policial (CPP) de Ararangu\u00e1.<\/p>\n\n\n\n<p>A presen\u00e7a do filho Lucas na sess\u00e3o tornou o momento ainda mais especial e simb\u00f3lico.<\/p>\n\n\n\n<p>Com a voz embargada, Giraldi compartilhou com os presentes a alegria de voltar a servir diretamente a comunidade araranguaense, onde construiu uma s\u00f3lida trajet\u00f3ria profissional e pessoal.<\/p>\n\n\n\n<p>\u201cNesta cidade fiz hist\u00f3ria, trabalhei honestamente. Volto com muito mais vontade de trabalhar pelo bem da comunidade. S\u00e3o 42 anos como policial civil, 32 como delegado.<\/p>\n\n\n\n<p>E em todos esses anos, nunca tive qualquer marca de corrup\u00e7\u00e3o ou abuso de autoridade. Esta Portaria \u00e9, para mim, a consagra\u00e7\u00e3o final de tudo que passei\u201d, declarou, visivelmente emocionado. \u201c<\/p>\n\n\n\n<p>A manifesta\u00e7\u00e3o de Ghiraldo foi acompanhada por colegas vereadores da Casa Legislativa, que o parabenizaram pelo retorno e destacaram a admira\u00e7\u00e3o por sua trajet\u00f3ria dedicada \u00e0 seguran\u00e7a p\u00fablica.<\/p>\n\n\n\n<p>Muitos lembraram o quanto sua atua\u00e7\u00e3o como delegado sempre foi pautada pela seriedade, comprometimento e, acima de tudo, respeito ao cidad\u00e3o.<\/p>\n","protected":false},"excerpt":{"rendered":"<p>Em uma sess\u00e3o marcada por emo\u00e7\u00e3o e aplausos na C\u00e2mara de Vereadores de Ararangu\u00e1, o vereador Jorge Giraldi subiu \u00e0 Tribuna na noite desta segunda-feira, 14, para anunciar e comemorar seu retorno oficial \u00e0s fun\u00e7\u00f5es de delegado da Pol\u00edcia Civil no munic\u00edpio. A not\u00edcia veio ap\u00f3s a publica\u00e7\u00e3o nesta data da Portaria assinada pelo delegado-geral [&hellip;]<\/p>\n","protected":false},"author":1,"featured_media":1486,"comment_status":"open","ping_status":"open","sticky":false,"template":"","format":"standard","meta":{"footnotes":""},"categories":[5],"tags":[22,23,24],"class_list":["post-1485","post","type-post","status-publish","format-standard","has-post-thumbnail","hentry","category-seguranca","tag-22","tag-ararangua","tag-santa-catarina"],"_links":{"self":[{"href":"https:\/\/tvsulcatarinense.com.br\/index.php?rest_route=\/wp\/v2\/posts\/1485","targetHints":{"allow":["GET"]}}],"collection":[{"href":"https:\/\/tvsulcatarinense.com.br\/index.php?rest_route=\/wp\/v2\/posts"}],"about":[{"href":"https:\/\/tvsulcatarinense.com.br\/index.php?rest_route=\/wp\/v2\/types\/post"}],"author":[{"embeddable":true,"href":"https:\/\/tvsulcatarinense.com.br\/index.php?rest_route=\/wp\/v2\/users\/1"}],"replies":[{"embeddable":true,"href":"https:\/\/tvsulcatarinense.com.br\/index.php?rest_route=%2Fwp%2Fv2%2Fcomments&post=1485"}],"version-history":[{"count":2,"href":"https:\/\/tvsulcatarinense.com.br\/index.php?rest_route=\/wp\/v2\/posts\/1485\/revisions"}],"predecessor-version":[{"id":1489,"href":"https:\/\/tvsulcatarinense.com.br\/index.php?rest_route=\/wp\/v2\/posts\/1485\/revisions\/1489"}],"wp:featuredmedia":[{"embeddable":true,"href":"https:\/\/tvsulcatarinense.com.br\/index.php?rest_route=\/wp\/v2\/media\/1486"}],"wp:attachment":[{"href":"https:\/\/tvsulcatarinense.com.br\/index.php?rest_route=%2Fwp%2Fv2%2Fmedia&parent=1485"}],"wp:term":[{"taxonomy":"category","embeddable":true,"href":"https:\/\/tvsulcatarinense.com.br\/index.php?rest_route=%2Fwp%2Fv2%2Fcategories&post=1485"},{"taxonomy":"post_tag","embeddable":true,"href":"https:\/\/tvsulcatarinense.com.br\/index.php?rest_route=%2Fwp%2Fv2%2Ftags&post=1485"}],"curies":[{"name":"wp","href":"https:\/\/api.w.org\/{rel}","templated":true}]}}