{"id":1481,"date":"2025-04-15T10:50:01","date_gmt":"2025-04-15T13:50:01","guid":{"rendered":"https:\/\/tvsulcatarinense.com.br\/?p=1481"},"modified":"2025-04-15T10:50:15","modified_gmt":"2025-04-15T13:50:15","slug":"corpo-de-bombeiros-militar-realiza-formatura-com-entrega-de-viatura-equipamentos-e-homenagens-em-ararangua","status":"publish","type":"post","link":"https:\/\/tvsulcatarinense.com.br\/?p=1481","title":{"rendered":"Corpo de Bombeiros Militar realiza formatura com entrega de viatura, equipamentos e homenagens em Ararangu\u00e1"},"content":{"rendered":"\n<p>Na segunda-feira (14), o Corpo de Bombeiros Militar de Santa Catarina (CBMSC) realizou uma cerim\u00f4nia na sede da 3\u00aa Companhia de Bombeiros Militar, em Ararangu\u00e1.<\/p>\n\n\n\n<p>O evento foi marcado por entregas e homenagens, incluindo a incorpora\u00e7\u00e3o de novos equipamentos, a entrega de uma viatura de auto-resgate e a concess\u00e3o da moeda comemorativa do 4\u00ba Batalh\u00e3o de Bombeiros Militar (4\u00ba BBM) a autoridades.<\/p>\n\n\n\n<p>A nova viatura de auto-resgate ser\u00e1 utilizada no atendimento a ocorr\u00eancias de salvamento na regi\u00e3o. A aquisi\u00e7\u00e3o do ve\u00edculo foi viabilizada por meio de uma emenda parlamentar no valor de R$ 250 mil, destinada pelo deputado federal Daniel Costa de Freitas.<\/p>\n\n\n\n<p>Al\u00e9m disso, durante a cerim\u00f4nia, tamb\u00e9m foram entregues duas viaturas para a 19\u00aa Delegacia Regional de Pol\u00edcia Civil e outra para a unidade operacional da Pol\u00edcia Rodovi\u00e1ria Federal, ambas em Ararangu\u00e1.<\/p>\n\n\n\n<p>O deputado Daniel Freitas foi homenageado com a moeda comemorativa do 4\u00ba BBM, s\u00edmbolo de reconhecimento, lealdade e pertencimento \u00e0 corpora\u00e7\u00e3o.<\/p>\n\n\n\n<p>As chamadas challenge coins t\u00eam origem na Primeira Guerra Mundial e foram incorporadas \u00e0 tradi\u00e7\u00e3o do CBMSC como forma de reconhecer pessoas cujas a\u00e7\u00f5es contribuem significativamente para o fortalecimento da institui\u00e7\u00e3o.<\/p>\n\n\n\n<p>A 3\u00aa Companhia tamb\u00e9m recebeu tr\u00eas conjuntos de Equipamentos de Prote\u00e7\u00e3o Respirat\u00f3ria (EPR), cinco r\u00e1dios fixos e quinze r\u00e1dios port\u00e1teis.<\/p>\n\n\n\n<p>Os EPRs s\u00e3o essenciais para garantir a seguran\u00e7a dos bombeiros em ambientes com fuma\u00e7a ou produtos perigosos.<\/p>\n\n\n\n<p>J\u00e1 os equipamentos de radiocomunica\u00e7\u00e3o aprimoram a efici\u00eancia dos atendimentos, permitindo comunica\u00e7\u00e3o direta com a Central de Opera\u00e7\u00f5es dos Bombeiros Militares (COBOM) e maior precis\u00e3o na coordena\u00e7\u00e3o das equipes durante emerg\u00eancias.<\/p>\n\n\n\n<p>Texto e fotos: Edna Schmitz<\/p>\n\n\n\n<figure class=\"wp-block-image\"><img decoding=\"async\" src=\"https:\/\/uaaau.com.br\/uploads\/blog_25762\/1744724469_2.jpg\" alt=\"\"\/><\/figure>\n\n\n\n<figure class=\"wp-block-image size-large\"><img fetchpriority=\"high\" decoding=\"async\" width=\"1024\" height=\"576\" src=\"https:\/\/tvsulcatarinense.com.br\/wp-content\/uploads\/2025\/04\/1-29-1024x576.jpg\" alt=\"\" class=\"wp-image-1483\" srcset=\"https:\/\/tvsulcatarinense.com.br\/wp-content\/uploads\/2025\/04\/1-29-1024x576.jpg 1024w, https:\/\/tvsulcatarinense.com.br\/wp-content\/uploads\/2025\/04\/1-29-300x169.jpg 300w, https:\/\/tvsulcatarinense.com.br\/wp-content\/uploads\/2025\/04\/1-29-768x432.jpg 768w, https:\/\/tvsulcatarinense.com.br\/wp-content\/uploads\/2025\/04\/1-29.jpg 1280w\" sizes=\"(max-width: 1024px) 100vw, 1024px\" \/><\/figure>\n\n\n\n<figure class=\"wp-block-image\"><img decoding=\"async\" src=\"https:\/\/uaaau.com.br\/uploads\/blog_25762\/1744724469_4.jpg\" alt=\"\"\/><\/figure>\n\n\n\n<figure class=\"wp-block-image\"><img decoding=\"async\" src=\"https:\/\/uaaau.com.br\/uploads\/blog_25762\/1744724472_whatsapp_image_2025-04-14_at_17.52.09__1_.jpeg\" alt=\"\"\/><\/figure>\n\n\n\n<figure class=\"wp-block-image\"><img decoding=\"async\" src=\"https:\/\/uaaau.com.br\/uploads\/blog_25762\/1744724473_whatsapp_image_2025-04-14_at_17.52.10.jpeg\" alt=\"\"\/><\/figure>\n","protected":false},"excerpt":{"rendered":"<p>Na segunda-feira (14), o Corpo de Bombeiros Militar de Santa Catarina (CBMSC) realizou uma cerim\u00f4nia na sede da 3\u00aa Companhia de Bombeiros Militar, em Ararangu\u00e1. O evento foi marcado por entregas e homenagens, incluindo a incorpora\u00e7\u00e3o de novos equipamentos, a entrega de uma viatura de auto-resgate e a concess\u00e3o da moeda comemorativa do 4\u00ba Batalh\u00e3o [&hellip;]<\/p>\n","protected":false},"author":1,"featured_media":1482,"comment_status":"open","ping_status":"open","sticky":false,"template":"","format":"standard","meta":{"footnotes":""},"categories":[5],"tags":[22,23,24],"class_list":["post-1481","post","type-post","status-publish","format-standard","has-post-thumbnail","hentry","category-seguranca","tag-22","tag-ararangua","tag-santa-catarina"],"_links":{"self":[{"href":"https:\/\/tvsulcatarinense.com.br\/index.php?rest_route=\/wp\/v2\/posts\/1481","targetHints":{"allow":["GET"]}}],"collection":[{"href":"https:\/\/tvsulcatarinense.com.br\/index.php?rest_route=\/wp\/v2\/posts"}],"about":[{"href":"https:\/\/tvsulcatarinense.com.br\/index.php?rest_route=\/wp\/v2\/types\/post"}],"author":[{"embeddable":true,"href":"https:\/\/tvsulcatarinense.com.br\/index.php?rest_route=\/wp\/v2\/users\/1"}],"replies":[{"embeddable":true,"href":"https:\/\/tvsulcatarinense.com.br\/index.php?rest_route=%2Fwp%2Fv2%2Fcomments&post=1481"}],"version-history":[{"count":1,"href":"https:\/\/tvsulcatarinense.com.br\/index.php?rest_route=\/wp\/v2\/posts\/1481\/revisions"}],"predecessor-version":[{"id":1484,"href":"https:\/\/tvsulcatarinense.com.br\/index.php?rest_route=\/wp\/v2\/posts\/1481\/revisions\/1484"}],"wp:featuredmedia":[{"embeddable":true,"href":"https:\/\/tvsulcatarinense.com.br\/index.php?rest_route=\/wp\/v2\/media\/1482"}],"wp:attachment":[{"href":"https:\/\/tvsulcatarinense.com.br\/index.php?rest_route=%2Fwp%2Fv2%2Fmedia&parent=1481"}],"wp:term":[{"taxonomy":"category","embeddable":true,"href":"https:\/\/tvsulcatarinense.com.br\/index.php?rest_route=%2Fwp%2Fv2%2Fcategories&post=1481"},{"taxonomy":"post_tag","embeddable":true,"href":"https:\/\/tvsulcatarinense.com.br\/index.php?rest_route=%2Fwp%2Fv2%2Ftags&post=1481"}],"curies":[{"name":"wp","href":"https:\/\/api.w.org\/{rel}","templated":true}]}}