{"id":1478,"date":"2025-04-15T10:26:19","date_gmt":"2025-04-15T13:26:19","guid":{"rendered":"https:\/\/tvsulcatarinense.com.br\/?p=1478"},"modified":"2025-04-15T10:26:19","modified_gmt":"2025-04-15T13:26:19","slug":"ararangua-homem-morre-eletrocutado-apos-tentar-furtar-fios-em-estacao-de-energia-solar","status":"publish","type":"post","link":"https:\/\/tvsulcatarinense.com.br\/?p=1478","title":{"rendered":"Ararangu\u00e1: homem morre eletrocutado ap\u00f3s tentar furtar fios em esta\u00e7\u00e3o de energia solar"},"content":{"rendered":"\n<p>Por volta das 22h30 da noite desta segunda-feira (14), um homem morreu eletrocutado ap\u00f3s tentar furtar fios de uma esta\u00e7\u00e3o de energia solar no bairro Jardim Cibele em Ararangu\u00e1.<\/p>\n\n\n\n<p>A PM prestou apoio ao Corpo de Bombeiros, que retirou o homem, que usava uma balaclava, para esconder o rosto, e foi constatado marcas de queimadura pelo corpo, oriundas da descarga el\u00e9trica.<\/p>\n\n\n\n<p>Segundo informa\u00e7\u00f5es, outros dois suspeitos fugiram do local em um ve\u00edculo de cor branca.<\/p>\n\n\n\n<p>IML e IGP estiveram presentes no local.<\/p>\n\n\n\n<p>Foto: Internet<\/p>\n","protected":false},"excerpt":{"rendered":"<p>Por volta das 22h30 da noite desta segunda-feira (14), um homem morreu eletrocutado ap\u00f3s tentar furtar fios de uma esta\u00e7\u00e3o de energia solar no bairro Jardim Cibele em Ararangu\u00e1. A PM prestou apoio ao Corpo de Bombeiros, que retirou o homem, que usava uma balaclava, para esconder o rosto, e foi constatado marcas de queimadura [&hellip;]<\/p>\n","protected":false},"author":1,"featured_media":1479,"comment_status":"open","ping_status":"open","sticky":false,"template":"","format":"standard","meta":{"footnotes":""},"categories":[5],"tags":[22,23,24],"class_list":["post-1478","post","type-post","status-publish","format-standard","has-post-thumbnail","hentry","category-seguranca","tag-22","tag-ararangua","tag-santa-catarina"],"_links":{"self":[{"href":"https:\/\/tvsulcatarinense.com.br\/index.php?rest_route=\/wp\/v2\/posts\/1478","targetHints":{"allow":["GET"]}}],"collection":[{"href":"https:\/\/tvsulcatarinense.com.br\/index.php?rest_route=\/wp\/v2\/posts"}],"about":[{"href":"https:\/\/tvsulcatarinense.com.br\/index.php?rest_route=\/wp\/v2\/types\/post"}],"author":[{"embeddable":true,"href":"https:\/\/tvsulcatarinense.com.br\/index.php?rest_route=\/wp\/v2\/users\/1"}],"replies":[{"embeddable":true,"href":"https:\/\/tvsulcatarinense.com.br\/index.php?rest_route=%2Fwp%2Fv2%2Fcomments&post=1478"}],"version-history":[{"count":1,"href":"https:\/\/tvsulcatarinense.com.br\/index.php?rest_route=\/wp\/v2\/posts\/1478\/revisions"}],"predecessor-version":[{"id":1480,"href":"https:\/\/tvsulcatarinense.com.br\/index.php?rest_route=\/wp\/v2\/posts\/1478\/revisions\/1480"}],"wp:featuredmedia":[{"embeddable":true,"href":"https:\/\/tvsulcatarinense.com.br\/index.php?rest_route=\/wp\/v2\/media\/1479"}],"wp:attachment":[{"href":"https:\/\/tvsulcatarinense.com.br\/index.php?rest_route=%2Fwp%2Fv2%2Fmedia&parent=1478"}],"wp:term":[{"taxonomy":"category","embeddable":true,"href":"https:\/\/tvsulcatarinense.com.br\/index.php?rest_route=%2Fwp%2Fv2%2Fcategories&post=1478"},{"taxonomy":"post_tag","embeddable":true,"href":"https:\/\/tvsulcatarinense.com.br\/index.php?rest_route=%2Fwp%2Fv2%2Ftags&post=1478"}],"curies":[{"name":"wp","href":"https:\/\/api.w.org\/{rel}","templated":true}]}}