{"id":1474,"date":"2025-04-15T09:51:46","date_gmt":"2025-04-15T12:51:46","guid":{"rendered":"https:\/\/tvsulcatarinense.com.br\/?p=1474"},"modified":"2025-04-15T09:51:46","modified_gmt":"2025-04-15T12:51:46","slug":"deputado-tiago-zilli-entrega-r-500-mil-para-o-hospital-de-praia-grande-e-acompanha-obras-de-ampliacao","status":"publish","type":"post","link":"https:\/\/tvsulcatarinense.com.br\/?p=1474","title":{"rendered":"Deputado Tiago Zilli entrega R$ 500 mil para o Hospital de Praia Grande e acompanha obras de amplia\u00e7\u00e3o"},"content":{"rendered":"\n<p>O deputado estadual Tiago Zilli esteve, na manh\u00e3 desta segunda-feira, dia 14, no Hospital Nossa Senhora de F\u00e1tima, em Praia Grande, para oficializar a entrega de R$ 500 mil em emenda parlamentar e acompanhar de perto o andamento das obras de amplia\u00e7\u00e3o da unidade hospitalar.<\/p>\n\n\n\n<p>Recebido pela diretoria, funcion\u00e1rios e lideran\u00e7as locais, o parlamentar refor\u00e7ou seu compromisso com a sa\u00fade da regi\u00e3o e destacou a import\u00e2ncia da nova estrutura voltada \u00e0 sa\u00fade mental, que est\u00e1 sendo constru\u00edda com um investimento total de R$ 15,9 milh\u00f5es. Desse montante, R$ 12,3 milh\u00f5es foram viabilizados por meio do Governo do Estado, com apoio do deputado.<\/p>\n\n\n\n<p>\u201cNosso mandato tem atuado com firmeza para garantir investimentos em \u00e1reas essenciais, como a sa\u00fade. Esta obra representa um marco para o cuidado psiqui\u00e1trico em toda a regi\u00e3o Sul. Praia Grande vai se tornar refer\u00eancia estadual em sa\u00fade mental, e \u00e9 uma honra fazer parte disso\u201d afirmou Zilli.<\/p>\n\n\n\n<p><strong>Uma estrutura moderna e humanizada<\/strong><\/p>\n\n\n\n<p>O diretor do hospital, Jean Gon\u00e7alves, agradeceu a presen\u00e7a do deputado e os recursos destinados. Segundo ele, o novo Complexo de Sa\u00fade Mental est\u00e1 sendo projetado com foco no acolhimento, na humaniza\u00e7\u00e3o e na inova\u00e7\u00e3o dos tratamentos.<\/p>\n\n\n\n<p>\u201cEstamos erguendo uma das estruturas mais modernas do Estado voltadas exclusivamente \u00e0 sa\u00fade mental. Ser\u00e3o oferecidos servi\u00e7os inovadores, com terapias integrativas e ambientes planejados para o bem-estar dos pacientes. O apoio do deputado Tiago Zilli foi fundamental tanto na interlocu\u00e7\u00e3o com o Governo quanto na destina\u00e7\u00e3o direta de recursos\u201d, destacou Jean.<\/p>\n\n\n\n<p><strong>Deputado elogia obra e fala do impacto regional<\/strong><\/p>\n\n\n\n<p>A nova ala hospitalar ocupar\u00e1 mais de 3.600 m\u00b2 e contar\u00e1 com:<br>\u2022 30 leitos de psiquiatria;<br>\u2022 25 leitos de interna\u00e7\u00e3o cl\u00ednica;<br>\u2022 5 leitos de psiquiatria infantil;<br>\u2022 Emerg\u00eancia psiqui\u00e1trica;<br>\u2022 Cozinha industrial;<br>\u2022 Lavanderia e setores de apoio.<\/p>\n\n\n\n<p>Al\u00e9m de ampliar a capacidade de atendimento da institui\u00e7\u00e3o, a obra tamb\u00e9m contribuir\u00e1 significativamente para a economia local, com a gera\u00e7\u00e3o estimada de mais de 100 empregos diretos.<\/p>\n\n\n\n<p>Tamb\u00e9m estiveram presentes na visita vereadores do MDB, lideran\u00e7as comunit\u00e1rias, servidores do hospital e demais autoridades pol\u00edticas da regi\u00e3o.<\/p>\n\n\n\n<figure class=\"wp-block-image\"><img decoding=\"async\" src=\"https:\/\/uaaau.com.br\/uploads\/blog_25759\/1744721290_2.jpg\" alt=\"\"\/><\/figure>\n\n\n\n<figure class=\"wp-block-image size-large\"><img fetchpriority=\"high\" decoding=\"async\" width=\"1024\" height=\"576\" src=\"https:\/\/tvsulcatarinense.com.br\/wp-content\/uploads\/2025\/04\/1-28-1024x576.jpg\" alt=\"\" class=\"wp-image-1476\" srcset=\"https:\/\/tvsulcatarinense.com.br\/wp-content\/uploads\/2025\/04\/1-28-1024x576.jpg 1024w, https:\/\/tvsulcatarinense.com.br\/wp-content\/uploads\/2025\/04\/1-28-300x169.jpg 300w, https:\/\/tvsulcatarinense.com.br\/wp-content\/uploads\/2025\/04\/1-28-768x432.jpg 768w, https:\/\/tvsulcatarinense.com.br\/wp-content\/uploads\/2025\/04\/1-28.jpg 1280w\" sizes=\"(max-width: 1024px) 100vw, 1024px\" \/><\/figure>\n\n\n\n<figure class=\"wp-block-image\"><img decoding=\"async\" src=\"https:\/\/uaaau.com.br\/uploads\/blog_25759\/1744721290_4.jpg\" alt=\"\"\/><\/figure>\n","protected":false},"excerpt":{"rendered":"<p>O deputado estadual Tiago Zilli esteve, na manh\u00e3 desta segunda-feira, dia 14, no Hospital Nossa Senhora de F\u00e1tima, em Praia Grande, para oficializar a entrega de R$ 500 mil em emenda parlamentar e acompanhar de perto o andamento das obras de amplia\u00e7\u00e3o da unidade hospitalar. Recebido pela diretoria, funcion\u00e1rios e lideran\u00e7as locais, o parlamentar refor\u00e7ou [&hellip;]<\/p>\n","protected":false},"author":1,"featured_media":1475,"comment_status":"open","ping_status":"open","sticky":false,"template":"","format":"standard","meta":{"footnotes":""},"categories":[6],"tags":[22,24,58],"class_list":["post-1474","post","type-post","status-publish","format-standard","has-post-thumbnail","hentry","category-politica","tag-22","tag-santa-catarina","tag-tiago-zilli"],"_links":{"self":[{"href":"https:\/\/tvsulcatarinense.com.br\/index.php?rest_route=\/wp\/v2\/posts\/1474","targetHints":{"allow":["GET"]}}],"collection":[{"href":"https:\/\/tvsulcatarinense.com.br\/index.php?rest_route=\/wp\/v2\/posts"}],"about":[{"href":"https:\/\/tvsulcatarinense.com.br\/index.php?rest_route=\/wp\/v2\/types\/post"}],"author":[{"embeddable":true,"href":"https:\/\/tvsulcatarinense.com.br\/index.php?rest_route=\/wp\/v2\/users\/1"}],"replies":[{"embeddable":true,"href":"https:\/\/tvsulcatarinense.com.br\/index.php?rest_route=%2Fwp%2Fv2%2Fcomments&post=1474"}],"version-history":[{"count":1,"href":"https:\/\/tvsulcatarinense.com.br\/index.php?rest_route=\/wp\/v2\/posts\/1474\/revisions"}],"predecessor-version":[{"id":1477,"href":"https:\/\/tvsulcatarinense.com.br\/index.php?rest_route=\/wp\/v2\/posts\/1474\/revisions\/1477"}],"wp:featuredmedia":[{"embeddable":true,"href":"https:\/\/tvsulcatarinense.com.br\/index.php?rest_route=\/wp\/v2\/media\/1475"}],"wp:attachment":[{"href":"https:\/\/tvsulcatarinense.com.br\/index.php?rest_route=%2Fwp%2Fv2%2Fmedia&parent=1474"}],"wp:term":[{"taxonomy":"category","embeddable":true,"href":"https:\/\/tvsulcatarinense.com.br\/index.php?rest_route=%2Fwp%2Fv2%2Fcategories&post=1474"},{"taxonomy":"post_tag","embeddable":true,"href":"https:\/\/tvsulcatarinense.com.br\/index.php?rest_route=%2Fwp%2Fv2%2Ftags&post=1474"}],"curies":[{"name":"wp","href":"https:\/\/api.w.org\/{rel}","templated":true}]}}