{"id":1468,"date":"2025-04-14T16:59:28","date_gmt":"2025-04-14T19:59:28","guid":{"rendered":"https:\/\/tvsulcatarinense.com.br\/?p=1468"},"modified":"2025-04-14T17:00:46","modified_gmt":"2025-04-14T20:00:46","slug":"pmxpc-em-timbe-do-sul-homem-e-preso-por-vender-drogas-e-armas-de-fogo","status":"publish","type":"post","link":"https:\/\/tvsulcatarinense.com.br\/?p=1468","title":{"rendered":"PMSC x PCSC: em Timb\u00e9 do Sul, homem \u00e9 preso por vender drogas e armas de fogo"},"content":{"rendered":"\n<p>Nesta tarde de segunda-feira (14), a Pol\u00edcia Civil, por meio da Delegacia de Timb\u00e9 do Sul, realizou a pris\u00e3o de um homem na localidade de Urussanguinha. O homem, natural do Rio Grande do Sul, praticava a venda de grande variedade de drogas, al\u00e9m de ser negociador de armas de fogo.<\/p>\n\n\n\n<p>O homem de 57 anos de idade \u00e9 dono de uma vasta ficha criminal, com dezenas de ocorr\u00eancias entre Rio Grande do Sul e Santa Catarina, com passagens por posse de armas de fogo, posse de colete a prova de balas, drogas, furtos, entre outros.<\/p>\n\n\n\n<p>Ainda neste ano havia sido realizada opera\u00e7\u00e3o policial conjunta entre Pol\u00edcia Civil e Militar, que resultou no encontro de maconha, coca\u00edna, e de um aparelho celular furtado na casa do homem. A investiga\u00e7\u00e3o foi intensificada e resultou na pris\u00e3o de hoje.<\/p>\n\n\n\n<p>Aproximadamente \u00e0s 14h00min a Pol\u00edcia Civil realizou a pris\u00e3o do homem, e, em seguida, contando com apoio do canil da Pol\u00edcia Militar de Ararangu\u00e1, entraram na resid\u00eancia localizada no bairro Urussanguinha.<\/p>\n\n\n\n<p>Os c\u00e3es encontraram aproximadamente 100g de subst\u00e2ncia semelhante \u00e0 crack escondida em um matagal pr\u00f3ximo a resid\u00eancia. No interior foi encontrada balan\u00e7a de precis\u00e3o.<\/p>\n\n\n\n<p>O delegado que participou da opera\u00e7\u00e3o Lucas Fernandes da Rosa, salienta que a Delegacia de Pol\u00edcia de Timb\u00e9 do Sul continua monitorando a situa\u00e7\u00e3o na localidade de Urussanguinha e busca por eventuais colaboradores do traficante para novas pris\u00f5es.<\/p>\n","protected":false},"excerpt":{"rendered":"<p>Nesta tarde de segunda-feira (14), a Pol\u00edcia Civil, por meio da Delegacia de Timb\u00e9 do Sul, realizou a pris\u00e3o de um homem na localidade de Urussanguinha. O homem, natural do Rio Grande do Sul, praticava a venda de grande variedade de drogas, al\u00e9m de ser negociador de armas de fogo. O homem de 57 anos [&hellip;]<\/p>\n","protected":false},"author":1,"featured_media":1469,"comment_status":"open","ping_status":"open","sticky":false,"template":"","format":"standard","meta":{"footnotes":""},"categories":[5],"tags":[22,45,27,24],"class_list":["post-1468","post","type-post","status-publish","format-standard","has-post-thumbnail","hentry","category-seguranca","tag-22","tag-pcsc","tag-pmsc","tag-santa-catarina"],"_links":{"self":[{"href":"https:\/\/tvsulcatarinense.com.br\/index.php?rest_route=\/wp\/v2\/posts\/1468","targetHints":{"allow":["GET"]}}],"collection":[{"href":"https:\/\/tvsulcatarinense.com.br\/index.php?rest_route=\/wp\/v2\/posts"}],"about":[{"href":"https:\/\/tvsulcatarinense.com.br\/index.php?rest_route=\/wp\/v2\/types\/post"}],"author":[{"embeddable":true,"href":"https:\/\/tvsulcatarinense.com.br\/index.php?rest_route=\/wp\/v2\/users\/1"}],"replies":[{"embeddable":true,"href":"https:\/\/tvsulcatarinense.com.br\/index.php?rest_route=%2Fwp%2Fv2%2Fcomments&post=1468"}],"version-history":[{"count":3,"href":"https:\/\/tvsulcatarinense.com.br\/index.php?rest_route=\/wp\/v2\/posts\/1468\/revisions"}],"predecessor-version":[{"id":1472,"href":"https:\/\/tvsulcatarinense.com.br\/index.php?rest_route=\/wp\/v2\/posts\/1468\/revisions\/1472"}],"wp:featuredmedia":[{"embeddable":true,"href":"https:\/\/tvsulcatarinense.com.br\/index.php?rest_route=\/wp\/v2\/media\/1469"}],"wp:attachment":[{"href":"https:\/\/tvsulcatarinense.com.br\/index.php?rest_route=%2Fwp%2Fv2%2Fmedia&parent=1468"}],"wp:term":[{"taxonomy":"category","embeddable":true,"href":"https:\/\/tvsulcatarinense.com.br\/index.php?rest_route=%2Fwp%2Fv2%2Fcategories&post=1468"},{"taxonomy":"post_tag","embeddable":true,"href":"https:\/\/tvsulcatarinense.com.br\/index.php?rest_route=%2Fwp%2Fv2%2Ftags&post=1468"}],"curies":[{"name":"wp","href":"https:\/\/api.w.org\/{rel}","templated":true}]}}