{"id":1463,"date":"2025-04-14T16:46:23","date_gmt":"2025-04-14T19:46:23","guid":{"rendered":"https:\/\/tvsulcatarinense.com.br\/?p=1463"},"modified":"2025-04-14T16:46:23","modified_gmt":"2025-04-14T19:46:23","slug":"video-procurado-por-homicidio-e-preso-com-171-quilos-de-maconha-e-skunk-em-joinville","status":"publish","type":"post","link":"https:\/\/tvsulcatarinense.com.br\/?p=1463","title":{"rendered":"(VIDEO) Procurado por homic\u00eddio \u00e9 preso com 171 quilos de maconha e skunk em Joinville"},"content":{"rendered":"\n<p>Policiais rodovi\u00e1rios federais apreenderam na tarde desta segunda-feira (14), em Joinville, 160 quilos de maconha e 11 quilos de skunk. Dois homens foram presos, um deles procurado pelo crime de homic\u00eddio.<\/p>\n\n\n\n<p>O VW\/Polo ocupado pelos envolvidos n\u00e3o obedeceu ordem de parada na BR-101 e fugiu em alta velocidade. Depois de acessar a rodovia estadual SC-418, percebendo que n\u00e3o conseguiria escapar, o motorista desistiu e se entregou.<\/p>\n\n\n\n<p>No porta-malas e banco traseiro, os policiais encontraram diversos tabletes de drogas. O passageiro, maranhense de 24 anos, tinha contra si mandado de pris\u00e3o expedido em setembro do ano passado pela Justi\u00e7a de Navegantes\/SC pelo crime de homic\u00eddio.<\/p>\n\n\n\n<p>Ele e o motorista, de 22 anos, se recusaram a dizer qual a origem e destino dos entorpecentes. Ambos foram levados \u00e0 Delegacia de Pol\u00edcia de Joinville, para responder por tr\u00e1fico de drogas e cumprimento do mandado de pris\u00e3o<\/p>\n\n\n\n<figure class=\"wp-block-video\"><video height=\"1280\" style=\"aspect-ratio: 720 \/ 1280;\" width=\"720\" controls src=\"https:\/\/tvsulcatarinense.com.br\/wp-content\/uploads\/2025\/04\/WhatsApp-Video-2025-04-14-at-16.20.35.mp4\"><\/video><\/figure>\n\n\n\n<figure class=\"wp-block-video\"><video height=\"720\" style=\"aspect-ratio: 1280 \/ 720;\" width=\"1280\" controls src=\"https:\/\/tvsulcatarinense.com.br\/wp-content\/uploads\/2025\/04\/WhatsApp-Video-2025-04-14-at-16.20.34.mp4\"><\/video><\/figure>\n","protected":false},"excerpt":{"rendered":"<p>Policiais rodovi\u00e1rios federais apreenderam na tarde desta segunda-feira (14), em Joinville, 160 quilos de maconha e 11 quilos de skunk. Dois homens foram presos, um deles procurado pelo crime de homic\u00eddio. O VW\/Polo ocupado pelos envolvidos n\u00e3o obedeceu ordem de parada na BR-101 e fugiu em alta velocidade. Depois de acessar a rodovia estadual SC-418, [&hellip;]<\/p>\n","protected":false},"author":1,"featured_media":1464,"comment_status":"open","ping_status":"open","sticky":false,"template":"","format":"standard","meta":{"footnotes":""},"categories":[5],"tags":[22,56,24],"class_list":["post-1463","post","type-post","status-publish","format-standard","has-post-thumbnail","hentry","category-seguranca","tag-22","tag-prf","tag-santa-catarina"],"_links":{"self":[{"href":"https:\/\/tvsulcatarinense.com.br\/index.php?rest_route=\/wp\/v2\/posts\/1463","targetHints":{"allow":["GET"]}}],"collection":[{"href":"https:\/\/tvsulcatarinense.com.br\/index.php?rest_route=\/wp\/v2\/posts"}],"about":[{"href":"https:\/\/tvsulcatarinense.com.br\/index.php?rest_route=\/wp\/v2\/types\/post"}],"author":[{"embeddable":true,"href":"https:\/\/tvsulcatarinense.com.br\/index.php?rest_route=\/wp\/v2\/users\/1"}],"replies":[{"embeddable":true,"href":"https:\/\/tvsulcatarinense.com.br\/index.php?rest_route=%2Fwp%2Fv2%2Fcomments&post=1463"}],"version-history":[{"count":1,"href":"https:\/\/tvsulcatarinense.com.br\/index.php?rest_route=\/wp\/v2\/posts\/1463\/revisions"}],"predecessor-version":[{"id":1467,"href":"https:\/\/tvsulcatarinense.com.br\/index.php?rest_route=\/wp\/v2\/posts\/1463\/revisions\/1467"}],"wp:featuredmedia":[{"embeddable":true,"href":"https:\/\/tvsulcatarinense.com.br\/index.php?rest_route=\/wp\/v2\/media\/1464"}],"wp:attachment":[{"href":"https:\/\/tvsulcatarinense.com.br\/index.php?rest_route=%2Fwp%2Fv2%2Fmedia&parent=1463"}],"wp:term":[{"taxonomy":"category","embeddable":true,"href":"https:\/\/tvsulcatarinense.com.br\/index.php?rest_route=%2Fwp%2Fv2%2Fcategories&post=1463"},{"taxonomy":"post_tag","embeddable":true,"href":"https:\/\/tvsulcatarinense.com.br\/index.php?rest_route=%2Fwp%2Fv2%2Ftags&post=1463"}],"curies":[{"name":"wp","href":"https:\/\/api.w.org\/{rel}","templated":true}]}}