{"id":1440,"date":"2025-04-14T10:04:42","date_gmt":"2025-04-14T13:04:42","guid":{"rendered":"https:\/\/tvsulcatarinense.com.br\/?p=1440"},"modified":"2025-04-14T10:04:42","modified_gmt":"2025-04-14T13:04:42","slug":"sabado-mais-especial-de-pascoa-movimenta-o-comercio-neste-final-de-semana","status":"publish","type":"post","link":"https:\/\/tvsulcatarinense.com.br\/?p=1440","title":{"rendered":"S\u00e1bado Mais especial de P\u00e1scoa movimenta o com\u00e9rcio neste final de semana"},"content":{"rendered":"\n<p>Neste final de semana o acontece o S\u00e1bado Mais especial de P\u00e1scoa. As lojas estar\u00e3o abertas com hor\u00e1rio estendido at\u00e9 \u00e0s 17h, do dia 19, oferecendo mais comodidade para os consumidores.<\/p>\n\n\n\n<p>A a\u00e7\u00e3o \u00e9 promovida pela C\u00e2mara de Dirigentes Lojistas \u2013 CDL de Ararangu\u00e1, e j\u00e1 se tornou uma tradi\u00e7\u00e3o na cidade, contribuindo para o aquecimento das vendas e incentivando a popula\u00e7\u00e3o a prestigiar o com\u00e9rcio.<\/p>\n\n\n\n<p>Para a presidente da CDL, Dalva Leme, essa \u00e9 uma oportunidade tanto para os lojistas quanto para os consumidores.<\/p>\n\n\n\n<p>\u201cO S\u00e1bado Mais \u00e9 uma forma de valorizar o nosso com\u00e9rcio e proporcionar aos clientes um hor\u00e1rio mais flex\u00edvel para fazerem suas compras com calma.<\/p>\n\n\n\n<p>Nesta edi\u00e7\u00e3o especial de P\u00e1scoa queremos oferecer uma experi\u00eancia agrad\u00e1vel e acolhedora para todos\u201d, destaca.<\/p>\n\n\n\n<p>A CDL refor\u00e7a o convite para que toda a comunidade participe e aproveite esse s\u00e1bado especial no com\u00e9rcio.<\/p>\n\n\n\n<p>E para os empres\u00e1rios, fica o recado: associe-se \u00e0 CDL, descubra as vantagens exclusivas de ser um associado e aproveite para conhecer a nova sede da entidade, um espa\u00e7o moderno, preparado para fortalecer ainda mais o desenvolvimento do setor em Ararangu\u00e1. Siga @cdlararangua<\/p>\n","protected":false},"excerpt":{"rendered":"<p>Neste final de semana o acontece o S\u00e1bado Mais especial de P\u00e1scoa. As lojas estar\u00e3o abertas com hor\u00e1rio estendido at\u00e9 \u00e0s 17h, do dia 19, oferecendo mais comodidade para os consumidores. A a\u00e7\u00e3o \u00e9 promovida pela C\u00e2mara de Dirigentes Lojistas \u2013 CDL de Ararangu\u00e1, e j\u00e1 se tornou uma tradi\u00e7\u00e3o na cidade, contribuindo para o [&hellip;]<\/p>\n","protected":false},"author":1,"featured_media":1441,"comment_status":"open","ping_status":"open","sticky":false,"template":"","format":"standard","meta":{"footnotes":""},"categories":[11],"tags":[22,23,24],"class_list":["post-1440","post","type-post","status-publish","format-standard","has-post-thumbnail","hentry","category-negocios-e-empreendedorismo","tag-22","tag-ararangua","tag-santa-catarina"],"_links":{"self":[{"href":"https:\/\/tvsulcatarinense.com.br\/index.php?rest_route=\/wp\/v2\/posts\/1440","targetHints":{"allow":["GET"]}}],"collection":[{"href":"https:\/\/tvsulcatarinense.com.br\/index.php?rest_route=\/wp\/v2\/posts"}],"about":[{"href":"https:\/\/tvsulcatarinense.com.br\/index.php?rest_route=\/wp\/v2\/types\/post"}],"author":[{"embeddable":true,"href":"https:\/\/tvsulcatarinense.com.br\/index.php?rest_route=\/wp\/v2\/users\/1"}],"replies":[{"embeddable":true,"href":"https:\/\/tvsulcatarinense.com.br\/index.php?rest_route=%2Fwp%2Fv2%2Fcomments&post=1440"}],"version-history":[{"count":1,"href":"https:\/\/tvsulcatarinense.com.br\/index.php?rest_route=\/wp\/v2\/posts\/1440\/revisions"}],"predecessor-version":[{"id":1442,"href":"https:\/\/tvsulcatarinense.com.br\/index.php?rest_route=\/wp\/v2\/posts\/1440\/revisions\/1442"}],"wp:featuredmedia":[{"embeddable":true,"href":"https:\/\/tvsulcatarinense.com.br\/index.php?rest_route=\/wp\/v2\/media\/1441"}],"wp:attachment":[{"href":"https:\/\/tvsulcatarinense.com.br\/index.php?rest_route=%2Fwp%2Fv2%2Fmedia&parent=1440"}],"wp:term":[{"taxonomy":"category","embeddable":true,"href":"https:\/\/tvsulcatarinense.com.br\/index.php?rest_route=%2Fwp%2Fv2%2Fcategories&post=1440"},{"taxonomy":"post_tag","embeddable":true,"href":"https:\/\/tvsulcatarinense.com.br\/index.php?rest_route=%2Fwp%2Fv2%2Ftags&post=1440"}],"curies":[{"name":"wp","href":"https:\/\/api.w.org\/{rel}","templated":true}]}}