{"id":139,"date":"2024-08-09T12:27:43","date_gmt":"2024-08-09T15:27:43","guid":{"rendered":"https:\/\/tvsulcatarinense.com.br\/?p=139"},"modified":"2024-09-09T18:47:27","modified_gmt":"2024-09-09T21:47:27","slug":"fim-de-semana-tera-campeonato-de-surf-skate-volei-e-shows-em-balneario-arroio-do-silva","status":"publish","type":"post","link":"https:\/\/tvsulcatarinense.com.br\/?p=139","title":{"rendered":"Fim de semana ter\u00e1 Campeonato de Surf, Skate, V\u00f4lei e shows em Balne\u00e1rio Arroio do Silva"},"content":{"rendered":"\n<p><em>Festival Gastron\u00f4mico Sabores do Arroio \u00e9 tamb\u00e9m um dos atrativos no com\u00e9rcio local.<\/em><\/p>\n\n\n\n<p><strong>Balne\u00e1rio Arroio do Silva<\/strong><\/p>\n\n\n\n<p>O fim de semana ser\u00e1 repleto de atividades em Balne\u00e1rio Arroio do Silva. Fazendo parte da programa\u00e7\u00e3o da temporada de ver\u00e3o, atra\u00e7\u00f5es musicais e atividades esportivas devem movimentar a cidade. Das atra\u00e7\u00f5es musicais, na noite de sexta-feira (02) haver\u00e1 M\u00fasica na Pra\u00e7a com Isa Matos; j\u00e1 no s\u00e1bado (03) o agito ser\u00e1 comandado por DJ Pampo no palco principal. Na sequ\u00eancia ter\u00e1 banda Jeito Safado. No domingo (04) ter\u00e1 roda de samba com Rafa Show e Banda do Poder; e M\u00fasica na Pra\u00e7a com Josu\u00e9 Soares.<\/p>\n\n\n\n<p>Das atividades esportivas, haver\u00e1 Campeonato de Surf no s\u00e1bado; Torneio de V\u00f4lei e Campeonato de Skate no domingo. Al\u00e9m disso, ter\u00e1 a tradicional gin\u00e1stica na orla central das 9h \u00e0s 10h no s\u00e1bado e no domingo.<\/p>\n\n\n\n<figure class=\"wp-block-image\"><img decoding=\"async\" src=\"https:\/\/idportal.com.br\/wp-content\/uploads\/2018\/08\/20230512-728x90-1.jpg\" alt=\" \" class=\"wp-image-3967\" title=\" \"\/><\/figure>\n\n\n\n<p>O diferencial deste fim de semana ser\u00e1 ainda a realiza\u00e7\u00e3o do 1\u00ba Festival Gastron\u00f4mico Sabores do Arroio. Dezenove estabelecimentos que integram o N\u00facleo Gastron\u00f4mico do munic\u00edpio est\u00e3o preparando um card\u00e1pio especial para os dias 02, 03 e 04. O festival acontece em cada estabelecimento participante: Baruch, Bellos Burger e Pizzaria, Big Bom Lanches,Biz Ze Restaurante e Lancheria, BonConne, Boteco da Praia, Chamarisco, Check In, Dog da Praia, Gula Petiscaria e Hamburgueria, La Brisa Food Park, Lambe e Gela, Pellizzoni, Nagel Massas, Nevaska, Restaurante Cheff Javier Picos de Europa SC, O Pescador, Restaurante Pai e Filho e Santo R\u00e9u.<\/p>\n\n\n\n<figure class=\"wp-block-image\"><img decoding=\"async\" src=\"https:\/\/uaaau.com.br\/uploads\/blog_22077\/1706711864_whatsapp_image_2024-01-31_at_11.35.23__1_.jpeg\" alt=\"\"\/><\/figure>\n\n\n\n<p>Al\u00e9m do Festival, os pr\u00f3ximos dias ser\u00e3o marcados tamb\u00e9m pelo dia de Nossa Senhora dos Navegantes, Padroeira do munic\u00edpio. Diferentes segmentos religiosos preparam seus festejos e homenagens. Na quinta-feira (01) haver\u00e1 celebra\u00e7\u00e3o \u00e0 Iemanj\u00e1 no Sanut\u00e1rio da Praia da Meta \u2013 evento organizado pelo Templo Estrelas da Noite. E nos dias 28 a 04 de fevereiro est\u00e1 sendo realizada uma programa\u00e7\u00e3o em honra a Nossa Senhora dos Navegantes na Igreja Matriz \u2013 organizada pela Par\u00f3quia S\u00e3o Pedro Ap\u00f3stolo.<\/p>\n\n\n\n<p><strong>Programa\u00e7\u00e3o:<\/strong><\/p>\n\n\n\n<p>01\/02\/2024 (quinta-feira)<br>21h- Festa de Iemanj\u00e1 (Praia da Meta)<\/p>\n\n\n\n<p>02\/02\/2024 (Sexta-feira)<br>1\u00ba Festival Gastron\u00f4mico Sabores do Arroio<br>Feriado Municipal \u2013 Dia da Padroeira Nossa Senhora dos Navegantes<br>22h \u2013 M\u00fasica na Pra\u00e7a com Isa Matos<\/p>\n\n\n\n<p>03\/02\/2024 (s\u00e1bado)<br>1\u00ba Festival Gastron\u00f4mico Sabores do Arroio<br>8h- Festival Asbas de Surf (pr\u00f3ximo ao Posto de Guarda-Vidas Central)<br>9h \u2013 Gin\u00e1stica na Orla Central<br>22h \u2013 DJ Pampo (Palco Central)<br>23h30min- Show com BANDA JEITO SAFADO (Palco Central)<\/p>\n\n\n\n<p>04\/02\/2024 (domingo)<br>1\u00ba Festival Gastron\u00f4mico Sabores do Arroio<br>Festa em honra a Nossa Senhora dos Navegantes (Igreja Matriz)<br>8h- Festival Asbas de Surf<br>8h30min- 2\u00ba Torneio Misto de V\u00f4lei (quadra central)<br>9h \u2013 Gin\u00e1stica na Orla Central<br>9h- 2\u00ba North Arroio de Skate (Pista de Skate)<br>17h \u2013 Roda de Samba com Rafa Show e Banda do Poder<br>20h \u2013 M\u00fasica na Pra\u00e7a com Josu\u00e9 Soares<\/p>\n\n\n\n<p><em>Fonte: Assessoria de Comunica\u00e7\u00e3o \u2013 Prefeitura de Bal. Arroio do Silva<\/em><\/p>\n","protected":false},"excerpt":{"rendered":"<p>Festival Gastron\u00f4mico Sabores do Arroio \u00e9 tamb\u00e9m um dos atrativos no com\u00e9rcio local. Balne\u00e1rio Arroio do Silva O fim de semana ser\u00e1 repleto de atividades em Balne\u00e1rio Arroio do Silva. Fazendo parte da programa\u00e7\u00e3o da temporada de ver\u00e3o, atra\u00e7\u00f5es musicais e atividades esportivas devem movimentar a cidade. Das atra\u00e7\u00f5es musicais, na noite de sexta-feira (02) [&hellip;]<\/p>\n","protected":false},"author":1,"featured_media":140,"comment_status":"open","ping_status":"open","sticky":false,"template":"elementor_theme","format":"standard","meta":{"footnotes":""},"categories":[8],"tags":[],"class_list":["post-139","post","type-post","status-publish","format-standard","has-post-thumbnail","hentry","category-esporte"],"_links":{"self":[{"href":"https:\/\/tvsulcatarinense.com.br\/index.php?rest_route=\/wp\/v2\/posts\/139","targetHints":{"allow":["GET"]}}],"collection":[{"href":"https:\/\/tvsulcatarinense.com.br\/index.php?rest_route=\/wp\/v2\/posts"}],"about":[{"href":"https:\/\/tvsulcatarinense.com.br\/index.php?rest_route=\/wp\/v2\/types\/post"}],"author":[{"embeddable":true,"href":"https:\/\/tvsulcatarinense.com.br\/index.php?rest_route=\/wp\/v2\/users\/1"}],"replies":[{"embeddable":true,"href":"https:\/\/tvsulcatarinense.com.br\/index.php?rest_route=%2Fwp%2Fv2%2Fcomments&post=139"}],"version-history":[{"count":1,"href":"https:\/\/tvsulcatarinense.com.br\/index.php?rest_route=\/wp\/v2\/posts\/139\/revisions"}],"predecessor-version":[{"id":141,"href":"https:\/\/tvsulcatarinense.com.br\/index.php?rest_route=\/wp\/v2\/posts\/139\/revisions\/141"}],"wp:featuredmedia":[{"embeddable":true,"href":"https:\/\/tvsulcatarinense.com.br\/index.php?rest_route=\/wp\/v2\/media\/140"}],"wp:attachment":[{"href":"https:\/\/tvsulcatarinense.com.br\/index.php?rest_route=%2Fwp%2Fv2%2Fmedia&parent=139"}],"wp:term":[{"taxonomy":"category","embeddable":true,"href":"https:\/\/tvsulcatarinense.com.br\/index.php?rest_route=%2Fwp%2Fv2%2Fcategories&post=139"},{"taxonomy":"post_tag","embeddable":true,"href":"https:\/\/tvsulcatarinense.com.br\/index.php?rest_route=%2Fwp%2Fv2%2Ftags&post=139"}],"curies":[{"name":"wp","href":"https:\/\/api.w.org\/{rel}","templated":true}]}}